{"id":38263,"date":"2025-03-10T15:44:59","date_gmt":"2025-03-10T15:44:59","guid":{"rendered":"https:\/\/247stiri.ro\/index.php\/2025\/03\/10\/anca-alexandrescu-dupa-violentele-din-centrul-vechi-al-capitalei-remarc-aceasta-tacere-vinovata-a-puterii\/"},"modified":"2025-03-10T15:44:59","modified_gmt":"2025-03-10T15:44:59","slug":"anca-alexandrescu-dupa-violentele-din-centrul-vechi-al-capitalei-remarc-aceasta-tacere-vinovata-a-puterii","status":"publish","type":"post","link":"https:\/\/247stiri.ro\/index.php\/2025\/03\/10\/anca-alexandrescu-dupa-violentele-din-centrul-vechi-al-capitalei-remarc-aceasta-tacere-vinovata-a-puterii\/","title":{"rendered":"Anca Alexandrescu, dup\u0103 violen\u021bele din Centrul Vechi al Capitalei: \u201dRemarc aceast\u0103 t\u0103cere vinovat\u0103 a puterii\u201d"},"content":{"rendered":"<p>\u00cen ceea ce prive\u0219te candidatura lui C\u0103lin Georgescu la alegerile preziden\u021biale ce vor avea loc \u00een luna mai, prezentatoarea TV a afirmat c\u0103 \u00een acest moment, mingea se afl\u0103 \u00een terenul judec\u0103torilor CCR.\u00a0<\/p>\n<p>\u201dMingea este la CCR, \u00eens\u0103 primul lucru pe care eu vreau s\u0103 \u00eel remarc este aceast\u0103 t\u0103cere vinovat\u0103 a puterii. Este o t\u0103cere a vinov\u0103\u021biei, asta arat\u0103 faptul c\u0103 at\u00e2t Marcel Ciolacu \u0219i Ilie Bolojan, c\u00e2t \u0219i mili\u021bianul Predoiu \u0219i ceilal\u021bi oficiali ai statului rom\u00e2n, tac. Mai mult dec\u00e2t at\u00e2t, Marcel Ciolacu nu \u0219i-a pus nimic \u00een program ast\u0103zi. Cred c\u0103 v\u0103 da\u021bi seama c\u0103 nu mai au curaj s\u0103 mai ias\u0103 \u00een fa\u021ba poporului cu ceva.\u00a0<\/p>\n<p>A\u0219a ca un element de culoare, din informa\u021biile pe care le am, domnul Ilie Bolojan era precoupat \u00een aceast\u0103 diminea\u021b\u0103 tot de Republica Moldova, \u00een niciun caz de Rom\u00e2nia \u0219i ce se \u00eent\u00e2mpl\u0103 aici.<\/p>\n<p>M-au \u00eentrebat foarte mul\u021bi rom\u00e2ni: Ce se \u00eent\u00e2mpl\u0103 \u0219i ce vom face mai departe? Eu sunt foarte lini\u0219tit\u0103 \u0219i relaxat\u0103 pentru c\u0103 aceast\u0103 disperare pe care o arat\u0103 sistemul prin \u00eenc\u0103lcarea f\u0103r\u0103 limite a tot ce \u00eenseamn\u0103 lege \u00een Rom\u00e2nia, Constitu\u021bie. Nu mai exist\u0103 bun sim\u021b, nu mai exist\u0103 m\u0103sur\u0103!\u201d, a declarat <a href=\"https:\/\/www.realitatea.net\/stiri\/politica\/anca-alexandrescu-dupa-respingerea-candidaturii-lui-calin-georgescu-ordinul-a-venit-pe-unitate-de-la-coalitia-de-guvernare_67cdd39eb160d459e1597174\" target=\"_blank\">Anca Alexandrescu,<\/a> la Realitatea PLUS.\u00a0<\/p>\n<p>Mai mult, realizatoarea emisiunii Culisele Statului Paralel s-a declarat consternat\u0103 de faptul c\u0103 foarte mul\u021bi rom\u00e2ni care \u00een urm\u0103 cu ceva timp criticau statul paralel, acum elogiaz\u0103 moartea democra\u021biei.\u00a0<\/p>\n<p>\u201dFaptul c\u0103 sunt oameni care d\u0103un\u0103zi se pl\u00e2ngeau de atitudinea statului paralel \u0219i ast\u0103zi aplaud\u0103 ceea ce face statul paralel, ceea ce este halucinant. Faptul c\u0103 sunt oameni educa\u021bi, \u00eenv\u0103\u021ba\u021bi, cu preg\u0103tire juridic\u0103, care aplaud\u0103 moartea democra\u021biei \u0219i ceea ce a f\u0103cut BEC ieri, este \u00eengrozitor.\u00a0<\/p>\n<p>Mi se pare cumplit s\u0103 vii ast\u0103zi ca om educat s\u0103 justifici faptul c\u0103 e bine ce a f\u0103cut BEC \u0219i s\u0103 mul\u021bume\u0219ti BEC \u0219i CCR-ului pentru decizia pe care a luat-o doar pentru c\u0103 nu \u00ee\u021bi place un om. Nu mai este vorba despre un om, este vorba despre noi gto\u021bi, este vorba despre copiii no\u0219tri \u0219i este vorba despre \u021bara asta. Este vorba despre rom\u00e2nii care totu\u0219i, \u00ee\u0219i vor \u021bara \u00eenapoi. Nu mai este vorba despre C\u0103lin Georgescu\u201d, a mai spus prezentatoarea TV.\u00a0<\/p>\n<p>De asemenea, Anca Alexandrescu a atras aten\u021bia c\u0103 sistemul \u00eencearc\u0103 s\u0103 blocheze o eventual\u0103 candidatur\u0103 a lui George Simion.\u00a0<\/p>\n<p>\u201dM\u0103 uit \u0219i v\u0103d c\u00e2t de previzibili sunt prin decizia pe care eu am v\u0103zut-o ast\u0103zi la CNA \u00een leg\u0103tur\u0103 cu post\u0103rile lui George Simion. Se \u00eencearc\u0103 preg\u0103tirea terenului \u00een cazul \u00een care ar fi vorba despre o candidatur\u0103 a lui George Simion s\u0103 \u00eei g\u0103seasc\u0103 \u0219i lui ceva\u201d, a transmis realizatoarea TV.\u00a0<\/p>\n<p>C\u00e2t despre violen\u021bele care au avut loc duminic\u0103, \u00een Centrul Vechi al Capitalei, ea a \u021binut s\u0103 men\u021bioneze faptul c\u0103 nu crede c\u0103 Jandarmeria sau Serviciile Secrete nu aveau infirma\u021bii despe agitatorii care urmau s\u0103 se infiltreze printre protestatarii pa\u0219nici.<\/p>\n<p>\u00a0\u201dAcele violen\u021be pe care le-am v\u0103zut asear\u0103, acele proteste, cei care ast\u0103zi spun c\u0103 cei care au fost \u00een strad\u0103 sunt a\u0219a \u0219i pe dincolo, aplaudau acest tip de proteste \u00een anul 2012, erau chiar ei \u00een strad\u0103 atunci. Acum le critic\u0103 \u0219i spun c\u0103 este inadmisibil. Da, este inadmisibil, dar nu oameni pa\u0219nici care i-am v\u0103zut \u0219i la alte proteste bine organizate au f\u0103cut ceea ce s-a \u00eent\u00e2mplat asear\u0103<\/p>\n<p>Nu pot s\u0103 cred c\u0103 jandarmeria nu a \u0219tiut, nu pot s\u0103 cred c\u0103 Serviciile Secrete nu au fost implicate. Am v\u0103zut ce s-a \u00eent\u00e2mplat \u0219i \u00een 10 august, este exact acela\u0219i scenariu, nu este nicio diferen\u021b\u0103. Acelea\u0219i persoanaje \u00eencearc\u0103 s\u0103 denigreze rom\u00e2nii care \u00ee\u0219i vro drepturile \u00eenapoi, care \u00ee\u0219i vor \u021bara \u00eenapoi. Asta s-a \u00eent\u00e2mplat \u0219i \u00een 10 august. Au fost o m\u00e2n\u0103 de oameni care au fost direc\u021biona\u021bi, adu\u0219i, au avut misiune clar\u0103.(&#8230;.) Rom\u00e2nii nu vor renun\u021ba, vor lupta \u00een continuare \u0219i v\u0103 spun foarte clar c\u0103 nu acesta este sf\u00e2r\u0219itul\u201d, a conchis Anca Alexandrescu.\u00a0<\/p>","protected":false},"excerpt":{"rendered":"<p>\u00cen ceea ce prive\u0219te candidatura lui C\u0103lin Georgescu la alegerile preziden\u021biale ce vor avea loc&hellip;<\/p>\n","protected":false},"author":0,"featured_media":38251,"comment_status":"open","ping_status":"open","sticky":false,"template":"","format":"standard","meta":{"footnotes":""},"categories":[2],"tags":[],"class_list":["post-38263","post","type-post","status-publish","format-standard","has-post-thumbnail","hentry","category-actual"],"_links":{"self":[{"href":"https:\/\/247stiri.ro\/index.php\/wp-json\/wp\/v2\/posts\/38263","targetHints":{"allow":["GET"]}}],"collection":[{"href":"https:\/\/247stiri.ro\/index.php\/wp-json\/wp\/v2\/posts"}],"about":[{"href":"https:\/\/247stiri.ro\/index.php\/wp-json\/wp\/v2\/types\/post"}],"replies":[{"embeddable":true,"href":"https:\/\/247stiri.ro\/index.php\/wp-json\/wp\/v2\/comments?post=38263"}],"version-history":[{"count":0,"href":"https:\/\/247stiri.ro\/index.php\/wp-json\/wp\/v2\/posts\/38263\/revisions"}],"wp:featuredmedia":[{"embeddable":true,"href":"https:\/\/247stiri.ro\/index.php\/wp-json\/wp\/v2\/media\/38251"}],"wp:attachment":[{"href":"https:\/\/247stiri.ro\/index.php\/wp-json\/wp\/v2\/media?parent=38263"}],"wp:term":[{"taxonomy":"category","embeddable":true,"href":"https:\/\/247stiri.ro\/index.php\/wp-json\/wp\/v2\/categories?post=38263"},{"taxonomy":"post_tag","embeddable":true,"href":"https:\/\/247stiri.ro\/index.php\/wp-json\/wp\/v2\/tags?post=38263"}],"curies":[{"name":"wp","href":"https:\/\/api.w.org\/{rel}","templated":true}]}}