{"id":38295,"date":"2025-03-10T17:44:51","date_gmt":"2025-03-10T17:44:51","guid":{"rendered":"https:\/\/247stiri.ro\/index.php\/2025\/03\/10\/scandal-la-un-liceu-din-targu-neamt-directorul-avea-acces-la-imaginile-de-pe-camerele-video-din-toalete\/"},"modified":"2025-03-10T17:44:51","modified_gmt":"2025-03-10T17:44:51","slug":"scandal-la-un-liceu-din-targu-neamt-directorul-avea-acces-la-imaginile-de-pe-camerele-video-din-toalete","status":"publish","type":"post","link":"https:\/\/247stiri.ro\/index.php\/2025\/03\/10\/scandal-la-un-liceu-din-targu-neamt-directorul-avea-acces-la-imaginile-de-pe-camerele-video-din-toalete\/","title":{"rendered":"Scandal la un liceu din T\u00e2rgu Neam\u021b. Directorul avea acces la imaginile de pe camerele video din toalete"},"content":{"rendered":"<p>Autoritatea Na\u021bional\u0103 de Supraveghere a Prelucr\u0103rii Datelor cu Caracter Personal a sanc\u021bionat liceul \u201eVasile Conta\u201d din T\u00e2rgu Neam\u021b dup\u0103 ce s-a constatat c\u0103 institu\u021bia de \u00eenv\u0103\u021b\u0103m\u00e2nt avea camere de supraveghere instalate inclusiv \u00een toalete.<\/p>\n<p>Mai mult, directorul liceului avea acces direct la imaginile filmate pe telefonul s\u0103u personal. Aceast\u0103 practic\u0103 constituie o grav\u0103 \u00eenc\u0103lcare a Regulamentului General privind Protec\u021bia Datelor (GDPR) \u0219i este \u00een contradic\u021bie cu stipula\u021biile Legii \u00eenv\u0103\u021b\u0103m\u00e2ntului preuniversitar nr. 198\/2023.<\/p>\n<p>\u00cen urma inspec\u021biilor efectuate, liceul a primit dou\u0103 avertismente oficiale, \u00eens\u0103 scandalul a iscat o serie de \u00eentreb\u0103ri \u0219i \u00eengrijor\u0103ri cu privire la respectarea dreptului la intimitate \u00een cadrul unit\u0103\u021bilor de \u00eenv\u0103\u021b\u0103m\u00e2nt.<\/p>\n<p>Investiga\u021bia Autorit\u0103\u021bii Na\u021bionale de Supraveghere a Prelucr\u0103rii Datelor cu Caracter Personal (ANSPDCP) a fost ini\u021biat\u0103 ca urmare a unei pl\u00e2ngeri referitoare la folosirea neautorizat\u0103 a unui sistem de monitorizare video \u0219i audio. Conform informa\u021biilor oferite \u00een comunicatul oficial, camerele de supraveghere erau instalate inclusiv \u00een b\u0103ile \u0219colii, iar monitoarele pentru vizionare erau amplasate \u00een biroul directorului, care putea accesa imaginile chiar \u0219i prin intermediul telefonului s\u0103u personal.<\/p>\n<p>Investiga\u021bia a fost finalizat\u0103 \u00een ianuarie 2025, iar rezultatele acesteia au confirmat faptul c\u0103 liceul a colectat \u0219i procesat ilegal imagini din incintele grupurilor sanitare, \u00eenc\u0103lc\u00e2nd prevederile GDPR referitoare la legalitatea \u0219i propor\u021bionalitatea prelucr\u0103rii datelor.\u00a0<\/p>\n<p>&#8222;Autoritatea Na\u021bional\u0103 de Supraveghere a Prelucr\u0103rii Datelor cu Caracter Personal, a finalizat, \u00een luna ianuarie 2025, o investiga\u021bie la operatorul\u00a0Liceul Vasile Conta din T\u00e2rgu Neam\u021b\u00a0\u0219i a constatat \u00eenc\u0103lcarea prevederilor art. 5 alin. (1) lit. a) \u0219i c) \u0219i ale art. 32 din Regulamentul General privind Protec\u021bia Datelor (RGPD).<\/p>\n<p>Ca atare, operatorul\u00a0a fost sanc\u021bionat cu dou\u0103 avertismente pentru contraven\u021bia prev\u0103zut\u0103 de art. 14 alin. (5) lit. a) din Legea nr. 190\/2018 raportat la\u00a0art. 5 alin. (1) lit. a) \u0219i c) din RGPD\u00a0\u0219i contraven\u021bia prev\u0103zut\u0103 de art. 14 alin. (2) lit. a) din Legea nr. 190\/2018 raportat la art. 32 din RGPD.<\/p>\n<p><a title='Elev din Bucuresti, cercetat de FBI. A aderat la o retea internationala care isi propune \"prabusirea actualei ordini mondiale\" ' href=\"https:\/\/www.realitatea.net\/stiri\/actual\/elev-din-bucuresti-cercetat-de-fbi-a-aderat-la-o-retea-internationala-care-isi-propune-prabusirea-actualei-ordini-mondiale_67c5685e15069d04e13bc85a\">Elev din Bucure\u0219ti, cercetat de FBI. A aderat la o re\u021bea interna\u021bional\u0103 care \u00ee\u0219i propune &#8222;pr\u0103bu\u0219irea actualei ordini mondiale&#8221;<\/a><\/p>\n<p>Investiga\u021bia a fost demarat\u0103 ca urmare a unei sesiz\u0103ri prin care s-a semnalat faptul c\u0103 acest liceu prelucreaz\u0103 date cu caracter personal prin intermediul sistemului de supraveghere video, inclusiv audio, monitoarele fiind instalate \u00een biroul directorului, acesta av\u00e2nd acces (inclusiv pe telefonul personal) la imaginile surprinse pe holuri, casa sc\u0103rilor \u0219i \u00een zona grupurilor sanitare.<\/p>\n<p>\u00cen cadrul investiga\u021biei s-a constatat c\u0103 operatorul a prelucrat date cu caracter personal (imaginea) prin intermediul unor camere video instalate \u00een \u00eenc\u0103perile cu destina\u021bie de grup sanitar, \u00een mod nelegal \u0219i excesiv, prin raportare la scopul \u00een care au fost colectate datele, \u00eenc\u0103lc\u00e2ndu-se astfel prevederile art. 5 alin. (1) lit. a) \u0219i c) din RGPD.<\/p>\n<p>De asemenea, s-a constatat c\u0103 Liceul Vasile Conta din T\u00e2rgu Neam\u021b nu a implementat m\u0103suri tehnice \u0219i organizatorice adecvate pentru a asigura confiden\u021bialitatea datelor, inclusiv pentru accesul limitat \u0219i securizat la imagini \u0219i pentru alocarea monitoarelor de vizualizare exclusiv persoanelor autorizate, fiind \u00eenc\u0103lcate dispozi\u021biile art. 32 din RGPD.<\/p>\n<p>\u00cen acela\u0219i timp, s-au dispus fa\u021b\u0103 de operator \u0219i urm\u0103toarele m\u0103suri corective:<\/p>\n<p>&#8211; revizuirea procedurilor interne pentru adoptarea unor m\u0103suri tehnice \u0219i organizatorice, \u00een sensul ca datele cu caracter personal prelucrate prin intermediul sistemului de supraveghere video s\u0103 fie prelucrate \u00een conformitate cu principiile de prelucrare prev\u0103zute la art. 5 din RGPD;<\/p>\n<p>&#8211; revizuirea procedurilor interne pentru adoptarea unor m\u0103suri tehnice \u0219i organizatorice, inclusiv prin asigurarea unui acces limitat \u0219i securizat la imaginile prelucrate \u0219i alocarea monitoarelor de vizualizare a imaginilor \u00een timp real exclusiv persoanelor autorizate.<\/p>\n<p><a title='Ministerul Educatiei, despre performanta la nivel de liceu: \"Nu arata bine. Modelele pe care le avem nu mai sunt adecvate\"' href=\"https:\/\/www.realitatea.net\/stiri\/actual\/ministerul-educatiei-despre-performanta-la-nivel-de-liceu-nu-arata-bine-modelele-pe-care-le-avem-nu-mai-sunt-adecvate_67c729e7d75b642d79236ce7\">Ministerul Educa\u021biei, despre performan\u021ba la nivel de liceu: \u201dNu arat\u0103 bine. Modelele pe care le avem nu mai sunt adecvate\u201d<\/a><\/p>\n<p>\u00cen acest context, men\u021bion\u0103m c\u0103 art. 66 alin. (4) din Legea nr. 198\/2023 a \u00eenv\u0103\u021b\u0103m\u00e2ntului preuniversitar prevede c\u0103\u00a0\u201eSistemele de supraveghere audio-video pot fi instalate \u00een spa\u0163iul \u015fcolar, dup\u0103 cum urmeaz\u0103: \u00een s\u0103lile de clas\u0103, \u00een exteriorul cl\u0103dirilor, pe holuri, \u00een s\u0103lile de festivit\u0103\u0163i, pe holurile c\u0103minelor sau internatelor, precum \u015fi \u00een s\u0103lile de sport, cu excep\u0163ia vestiarelor \u015fi a grupurilor sanitare.\u201d<\/p>\n<p>\u00cen ceea ce prive\u0219te regimul sanc\u021bionator aplicabil \u00een cazul autorit\u0103\u021bilor publice din Rom\u00e2nia, preciz\u0103m c\u0103 acesta este reglementat de Legea nr. 190\/2018 care prevede c\u0103 autorit\u0103\u0163ile publice se sanc\u021bioneaz\u0103 mai \u00eent\u00e2i cu avertisment la care se anexeaz\u0103 un plan de remediere (art. 13 din Legea nr. 190\/2018).<\/p>\n<p>Ulterior, \u00een situa\u021bia \u00een care respectivele institu\u021bii publice nu aduc la \u00eendeplinire \u00een totalitate m\u0103surile prev\u0103zute \u00een planul de remediere, Autoritatea Na\u0163ional\u0103 de Supraveghere, \u00een func\u0163ie de circumstan\u0163ele fiec\u0103rui caz \u00een parte,\u00a0poate aplica sanc\u0163iunea contraven\u0163ional\u0103 a amenzii de la 10.000 lei p\u00e2n\u0103 la 200.000 lei (art. 14 din Legea nr. 190\/2018)\u201d, a anun\u021bat ANSPDCP printr-un comunicat.<\/p>\n<p><a title=\"Scene socante intr-un liceu din Targoviste: un elev de 16 ani a fost injunghiat in picior de un coleg \" href=\"https:\/\/www.realitatea.net\/stiri\/actual\/scene-socante-intrun-liceu-din-targoviste-un-elev-de-16-ani-a-fost-injunghiat-in-picior-de-un-coleg_67cae7a6f633831b066c6e98\">Scene \u0219ocante \u00eentr-un liceu din T\u00e2rgovi\u0219te: un elev de 16 ani a fost \u00eenjunghiat \u00een picior de un coleg<\/a><\/p>\n<p>\u00a0<\/p>","protected":false},"excerpt":{"rendered":"<p>Autoritatea Na\u021bional\u0103 de Supraveghere a Prelucr\u0103rii Datelor cu Caracter Personal a sanc\u021bionat liceul \u201eVasile Conta\u201d&hellip;<\/p>\n","protected":false},"author":0,"featured_media":38296,"comment_status":"open","ping_status":"open","sticky":false,"template":"","format":"standard","meta":{"footnotes":""},"categories":[2],"tags":[],"class_list":["post-38295","post","type-post","status-publish","format-standard","has-post-thumbnail","hentry","category-actual"],"_links":{"self":[{"href":"https:\/\/247stiri.ro\/index.php\/wp-json\/wp\/v2\/posts\/38295","targetHints":{"allow":["GET"]}}],"collection":[{"href":"https:\/\/247stiri.ro\/index.php\/wp-json\/wp\/v2\/posts"}],"about":[{"href":"https:\/\/247stiri.ro\/index.php\/wp-json\/wp\/v2\/types\/post"}],"replies":[{"embeddable":true,"href":"https:\/\/247stiri.ro\/index.php\/wp-json\/wp\/v2\/comments?post=38295"}],"version-history":[{"count":0,"href":"https:\/\/247stiri.ro\/index.php\/wp-json\/wp\/v2\/posts\/38295\/revisions"}],"wp:featuredmedia":[{"embeddable":true,"href":"https:\/\/247stiri.ro\/index.php\/wp-json\/wp\/v2\/media\/38296"}],"wp:attachment":[{"href":"https:\/\/247stiri.ro\/index.php\/wp-json\/wp\/v2\/media?parent=38295"}],"wp:term":[{"taxonomy":"category","embeddable":true,"href":"https:\/\/247stiri.ro\/index.php\/wp-json\/wp\/v2\/categories?post=38295"},{"taxonomy":"post_tag","embeddable":true,"href":"https:\/\/247stiri.ro\/index.php\/wp-json\/wp\/v2\/tags?post=38295"}],"curies":[{"name":"wp","href":"https:\/\/api.w.org\/{rel}","templated":true}]}}