{"id":38301,"date":"2025-03-10T17:44:53","date_gmt":"2025-03-10T17:44:53","guid":{"rendered":"https:\/\/247stiri.ro\/index.php\/2025\/03\/10\/bucurie-in-familia-lui-florin-zamfirescu-marele-actor-va-deveni-bunic\/"},"modified":"2025-03-10T17:44:53","modified_gmt":"2025-03-10T17:44:53","slug":"bucurie-in-familia-lui-florin-zamfirescu-marele-actor-va-deveni-bunic","status":"publish","type":"post","link":"https:\/\/247stiri.ro\/index.php\/2025\/03\/10\/bucurie-in-familia-lui-florin-zamfirescu-marele-actor-va-deveni-bunic\/","title":{"rendered":"Bucurie \u00een familia lui Florin Zamfirescu. Marele actor va deveni bunic"},"content":{"rendered":"<p>De 8 Martie, actri\u021ba Diana Roman, nora lui Florin Zamfirescu, a \u00eemp\u0103rt\u0103\u0219it cu urm\u0103ritorii s\u0103i de pe re\u021belele sociale o veste special\u0103. Vedeta a anun\u021bat c\u0103 este \u00eens\u0103rcinat\u0103 cu primul copil, prin intermediul unor fotografii emo\u021bionante, \u00een care i se poate vedea burtica de gravid\u0103.<\/p>\n<p>Actri\u021ba a dezv\u0103luit pe aceast\u0103 cale \u0219i sexul bebelu\u0219ui pe care \u00eel a\u0219teapt\u0103 al\u0103turi de so\u021bul ei, Vlad Zamfirescu.<\/p>\n<p>Nora lui Florin Zamfirescu a scris \u0219i un mesaj special: \u201eM\u0103mico, feti\u021ba ta o s\u0103 aib\u0103 o feti\u021b\u0103\u201d.<\/p>\n<p>Reac\u021biile nu au \u00eent\u00e2rziat s\u0103 apar\u0103 imediat ce actri\u021ba a dat vestea cea mare: \u201eCe tareeee!!!!! S\u0103 fi\u021bi s\u0103n\u0103toase!!!!\u201d, \u201eSarcin\u0103 u\u0219oar\u0103! S\u0103 fi\u021bi s\u0103n\u0103to\u0219i \u0219i ferici\u021bi!\u201d, Esti superba! Sunt cea mai mare fana a ta\u201d, \u201eFelicitari, Diana! Sarcina usoara si nastere si mai usoara\u201d, au fost doar c\u00e2teva dintre mesajele l\u0103sate de internau\u021bi.<\/p>\n<p>Diana Roman \u0219i Vlad Zamfirescu s-au c\u0103s\u0103torit \u00een urm\u0103 cu doi ani \u00een cadrul unui eveniment discret care a avut loc \u00een aer liber, pe acoperi\u0219ul Teatrului Na\u021bional din Bucure\u0219ti.<\/p>\n<p><a title=\"Maestrul Florin Zamfirescu se teme ca Georgescu va fi blocat sa candideze, dar este convins ca poporul nu va suporta umilinta - VIDEO\" href=\"https:\/\/www.realitatea.net\/stiri\/actual\/maestrul-florin-zamfirescu-se-teme-ca-georgescu-va-fi-blocat-sa-candideze-dar-este-convins-ca-poporul-nu-va-suporta-umilinta-video_67cd2e8ef9288e0ef74c6292\">Maestrul Florin Zamfirescu se teme c\u0103 Georgescu va fi blocat s\u0103 candideze, dar este convins c\u0103 poporul nu va suporta umilin\u021ba &#8211; VIDEO<\/a><\/p>","protected":false},"excerpt":{"rendered":"<p>De 8 Martie, actri\u021ba Diana Roman, nora lui Florin Zamfirescu, a \u00eemp\u0103rt\u0103\u0219it cu urm\u0103ritorii s\u0103i&hellip;<\/p>\n","protected":false},"author":0,"featured_media":38290,"comment_status":"open","ping_status":"open","sticky":false,"template":"","format":"standard","meta":{"footnotes":""},"categories":[2],"tags":[],"class_list":["post-38301","post","type-post","status-publish","format-standard","has-post-thumbnail","hentry","category-actual"],"_links":{"self":[{"href":"https:\/\/247stiri.ro\/index.php\/wp-json\/wp\/v2\/posts\/38301","targetHints":{"allow":["GET"]}}],"collection":[{"href":"https:\/\/247stiri.ro\/index.php\/wp-json\/wp\/v2\/posts"}],"about":[{"href":"https:\/\/247stiri.ro\/index.php\/wp-json\/wp\/v2\/types\/post"}],"replies":[{"embeddable":true,"href":"https:\/\/247stiri.ro\/index.php\/wp-json\/wp\/v2\/comments?post=38301"}],"version-history":[{"count":0,"href":"https:\/\/247stiri.ro\/index.php\/wp-json\/wp\/v2\/posts\/38301\/revisions"}],"wp:featuredmedia":[{"embeddable":true,"href":"https:\/\/247stiri.ro\/index.php\/wp-json\/wp\/v2\/media\/38290"}],"wp:attachment":[{"href":"https:\/\/247stiri.ro\/index.php\/wp-json\/wp\/v2\/media?parent=38301"}],"wp:term":[{"taxonomy":"category","embeddable":true,"href":"https:\/\/247stiri.ro\/index.php\/wp-json\/wp\/v2\/categories?post=38301"},{"taxonomy":"post_tag","embeddable":true,"href":"https:\/\/247stiri.ro\/index.php\/wp-json\/wp\/v2\/tags?post=38301"}],"curies":[{"name":"wp","href":"https:\/\/api.w.org\/{rel}","templated":true}]}}