{"id":38302,"date":"2025-03-10T17:44:54","date_gmt":"2025-03-10T17:44:54","guid":{"rendered":"https:\/\/247stiri.ro\/index.php\/2025\/03\/10\/romania-si-ungaria-au-semnat-un-acord-pentru-asigurarea-securitatii-transportului-de-gaze-naturale\/"},"modified":"2025-03-10T17:44:54","modified_gmt":"2025-03-10T17:44:54","slug":"romania-si-ungaria-au-semnat-un-acord-pentru-asigurarea-securitatii-transportului-de-gaze-naturale","status":"publish","type":"post","link":"https:\/\/247stiri.ro\/index.php\/2025\/03\/10\/romania-si-ungaria-au-semnat-un-acord-pentru-asigurarea-securitatii-transportului-de-gaze-naturale\/","title":{"rendered":"Rom\u00e2nia \u0219i Ungaria au semnat un acord pentru asigurarea securit\u0103\u021bii transportului de gaze naturale"},"content":{"rendered":"<p>\u00cen cadrul acestui eveniment, Sebastian BURDUJA, ministrul Energiei, \u0219i P\u00e9ter SZIJJ\u00c1RT\u00d3, ministrul Afacerilor Externe \u0219i Comer\u021bului din Ungaria, au semnat Acordul dintre Guvernul Rom\u00e2niei \u0219i Guvernul Ungariei privind m\u0103surile de solidaritate de salvgardare a securit\u0103\u021bii aprovizion\u0103rii cu gaze.<\/p>\n<p>Semnarea acordului, parte dintre obliga\u021biile asumate la nivelul UE \u00eentre \u021b\u0103rile vecine, constituie o declara\u021bie clar\u0103 a for\u021bei pe care o poate aduce cooperarea dintre \u021b\u0103rile vecine. Obiectivul Acordului dintre Guvernul Rom\u00e2niei \u0219i Guvernul Ungariei privind m\u0103surile de solidaritate pentru asigurarea securit\u0103\u021bii aprovizion\u0103rii este acela de a crea un cadru transfrontalier eficient \u0219i stabil pentru garantarea securit\u0103\u021bii aprovizion\u0103rii cu gaze pe pia\u021ba intern\u0103 a Uniunii Europene, care s\u0103 permit\u0103 o reac\u021bie rapid\u0103 la circumstan\u021bele sectoriale, care pot prezenta un grad ridicat de volatilitate. Prevederile devin incidente doar \u00een caz de for\u021b\u0103 major\u0103, iar sprijinul se poate acorda doar \u00een m\u0103sura \u00een care nu afecteaz\u0103 pia\u021ba intern\u0103.<\/p>\n<p>Ministrul Energiei, Sebastian BURDUJA, despre semnarea acestui acord: \u201eAcordul pe care l-am semnat ast\u0103zi ne consolideaz\u0103 angajamentul fa\u021b\u0103 de obiectivele noastre \u0219i ofer\u0103 un exemplu autentic pentru alte \u021b\u0103ri europene, un exemplu al puterii cooper\u0103rii \u0219i al necesit\u0103\u021bii interconectivit\u0103\u021bii. La nivel regional, este deosebit de important\u0103 \u00eencheierea de acorduri de solidaritate, continuarea dezvolt\u0103rii proiectelor de infrastructur\u0103, consolidarea interconexiunilor \u0219i diversificarea mixului energetic, \u021bin\u00e2nd cont de particularit\u0103\u021bile na\u021bionale. Prin hot\u0103r\u00e2rea de a stimula interconexiunile energetice \u00eentre Rom\u00e2nia \u0219i Ungaria, guvernele noastre \u00ee\u0219i \u021bin promisiunile fa\u021b\u0103 de cet\u0103\u021benii no\u0219tri de a oferi energie sigur\u0103 \u0219i accesibil\u0103. Securitatea aprovizion\u0103rii cu energie, care are precedent \u00eenaintea tuturor celorlal\u021bi factori ai unui sector energetic s\u0103n\u0103tos, trebuie realizat\u0103 prin dezvoltarea proiectelor de infrastructur\u0103, prin consolidarea interconexiunilor \u0219i prin diversificarea mixului energetic.\u201d<\/p>\n<p>Cea de-a 10 a Reuniune a Consiliului Director al Coridorului de Energie Verde reune\u0219te reprezentan\u021bi ai statelor implicate \u00een proiect, respectiv Azerbaidjan, Georgia, Ungaria \u0219i Rom\u00e2nia. Reprezentan\u021bii acestor state au convenit s\u0103 semneze o Scrisoare comun\u0103 adresat\u0103 lui Dan J\u00f8rgensen, Comisarul UE pentru energie \u0219i locuin\u021be, prin care \u00eei solicit\u0103 sprijinul pentru includerea Proiectului Coridorului Verde \u00een planul de dezvoltare a re\u021belei europene de transport energie electric\u0103.<\/p>\n<p>Proiectul Coridorului Verde reprezint\u0103 un pas important \u00een dezvoltarea unei infrastructuri energetice moderne \u0219i durabile pentru toate statele implicate \u0219i contribuie esen\u021bial la consolidarea securit\u0103\u021bii energetice na\u021bionale \u0219i regionale, cre\u0219terea conectivit\u0103\u021bii \u00een bazinul M\u0103rii Negre, diversificarea surselor de aprovizionare, valorificarea poten\u021bialului de producere a energiei regenerabile \u0219i cre\u0219terea ponderii energiei regenerabile \u00een mixul energetic na\u021bional. \u00cen acela\u0219i timp, Coridorul are un poten\u021bial extraordinar de a contribui la securitatea aprovizion\u0103rii \u00eentregii Europe, mai ales \u00een contextul geopolitic actual.<\/p>\n<p>Acest proiect poate deveni o poart\u0103 de acces pentru resursele energetice din zonele M\u0103rii Caspice \u0219i ale M\u0103rii Negre prin dezvoltarea de re\u021bele de transport inteligente, pentru a introduce volume semnificative de energie verde.<\/p>","protected":false},"excerpt":{"rendered":"<p>\u00cen cadrul acestui eveniment, Sebastian BURDUJA, ministrul Energiei, \u0219i P\u00e9ter SZIJJ\u00c1RT\u00d3, ministrul Afacerilor Externe \u0219i&hellip;<\/p>\n","protected":false},"author":0,"featured_media":38303,"comment_status":"open","ping_status":"open","sticky":false,"template":"","format":"standard","meta":{"footnotes":""},"categories":[2],"tags":[],"class_list":["post-38302","post","type-post","status-publish","format-standard","has-post-thumbnail","hentry","category-actual"],"_links":{"self":[{"href":"https:\/\/247stiri.ro\/index.php\/wp-json\/wp\/v2\/posts\/38302","targetHints":{"allow":["GET"]}}],"collection":[{"href":"https:\/\/247stiri.ro\/index.php\/wp-json\/wp\/v2\/posts"}],"about":[{"href":"https:\/\/247stiri.ro\/index.php\/wp-json\/wp\/v2\/types\/post"}],"replies":[{"embeddable":true,"href":"https:\/\/247stiri.ro\/index.php\/wp-json\/wp\/v2\/comments?post=38302"}],"version-history":[{"count":0,"href":"https:\/\/247stiri.ro\/index.php\/wp-json\/wp\/v2\/posts\/38302\/revisions"}],"wp:featuredmedia":[{"embeddable":true,"href":"https:\/\/247stiri.ro\/index.php\/wp-json\/wp\/v2\/media\/38303"}],"wp:attachment":[{"href":"https:\/\/247stiri.ro\/index.php\/wp-json\/wp\/v2\/media?parent=38302"}],"wp:term":[{"taxonomy":"category","embeddable":true,"href":"https:\/\/247stiri.ro\/index.php\/wp-json\/wp\/v2\/categories?post=38302"},{"taxonomy":"post_tag","embeddable":true,"href":"https:\/\/247stiri.ro\/index.php\/wp-json\/wp\/v2\/tags?post=38302"}],"curies":[{"name":"wp","href":"https:\/\/api.w.org\/{rel}","templated":true}]}}