{"id":38311,"date":"2025-03-10T18:44:50","date_gmt":"2025-03-10T18:44:50","guid":{"rendered":"https:\/\/247stiri.ro\/index.php\/2025\/03\/10\/scandal-in-trafic-un-sofer-acuza-un-politist-de-agresiune-fizica-si-verbala-m-a-pus-cu-fata-pe-capota-de-fata-cu-copilul\/"},"modified":"2025-03-10T18:44:50","modified_gmt":"2025-03-10T18:44:50","slug":"scandal-in-trafic-un-sofer-acuza-un-politist-de-agresiune-fizica-si-verbala-m-a-pus-cu-fata-pe-capota-de-fata-cu-copilul","status":"publish","type":"post","link":"https:\/\/247stiri.ro\/index.php\/2025\/03\/10\/scandal-in-trafic-un-sofer-acuza-un-politist-de-agresiune-fizica-si-verbala-m-a-pus-cu-fata-pe-capota-de-fata-cu-copilul\/","title":{"rendered":"Scandal \u00een trafic! Un \u0219ofer acuz\u0103 un poli\u021bist de agresiune fizic\u0103 \u0219i verbal\u0103: \u201eM-a pus cu fa\u0163a pe capot\u0103 de fa\u021b\u0103 cu copilul!\u201d"},"content":{"rendered":"<p>Cum s-a \u00eent\u00e2mplat totul<\/p>\n<p><a href=\"https:\/\/www.realitatea.net\/stiri\/actual\/cazul-politistului-din-sibiu-ofiterul-bataus-a-fost-suspendat-din-functie-ancheta-uriasa-la-nivelul-ipj-sibiu_66d93cb25562153f2324d223\" target=\"_blank\">Incidentul a avut loc<\/a> \u00eentr-o intersec\u021bie din Ia\u0219i, unde circula\u021bia era \u00eengreunat\u0103 din cauza unui accident. \u0218oferul, care \u00ee\u0219i ducea copilul de 3 ani la gr\u0103dini\u021b\u0103, a ridicat vocea \u00een semn de nemul\u021bumire fa\u021b\u0103 de blocajul din trafic. \u00cen urma acestei reac\u021bii, poli\u021bistul i-a cerut s\u0103 trag\u0103 pe dreapta \u0219i s\u0103 prezinte actele, iar discu\u021bia s-a intensificat, chiar \u00een fa\u021ba copilului.<\/p>\n<p>\u0218oferul sus\u021bine c\u0103, la un moment dat, a fost scos din ma\u0219in\u0103 cu for\u021ba, \u00eempins pe capot\u0103 \u0219i, mai t\u00e2rziu, agresat fizic la sec\u021bia de poli\u021bie, arat\u0103 \u0219tirileprotv.ro. Potrivit acestuia, agentul a \u00eenceput s\u0103 \u021bipe \u0219i s\u0103-l intimideze, iar \u00een timpul audierilor l-ar fi tr\u00e2ntit de perete \u0219i l-ar fi lovit. Acesta a prezentat inclusiv un certificat medico-legal ob\u021binut de la Institutul de Medicin\u0103 Legal\u0103, care sus\u021bine acuza\u021biile sale.<\/p>\n<p>\u201eM-a pus cu fa\u0163a pe capot\u0103. A \u00eenceput s\u0103 \u0163ipe s\u0103 intimideze, iar eu am \u00eencercat s\u0103-i spun c\u0103 am copilul \u00een ma\u0219in\u0103 \u0219i c\u0103-l sperii. M-a bruscat, iar la sec\u021bie m-a tr\u00e2ntit de perete. Am dovezi, am poze cu r\u0103nile \u0219i cu modul \u00een care m-a lovit de perete&#8221;, a declarat \u0219oferul implicat \u00een incident, Dumitru Cristescu.<\/p>\n<p><a href=\"https:\/\/www.realitatea.net\/stiri\/actual\/scene-socante-in-trafic-un-politist-a-luat-la-bataie-un-sofer-cu-pumnii-si-picioarele-video_66d59ff8e9cb55432e2fca33\" target=\"_blank\">\u0218oferul a depus pl\u00e2ngere penal\u0103<\/a> la Parchetul de pe l\u00e2ng\u0103 Judec\u0103toria Ia\u0219i, acuz\u00e2nd poli\u021bistul de abuz \u00een serviciu \u0219i purtare abuziv\u0103. Avocatul s\u0103u, Gabriel Petrescu, a confirmat pl\u00e2ngerea \u0219i a subliniat gravitatea comportamentului poli\u021bistului.<\/p>\n<p>\u00cen schimb, agentul de poli\u021bie a depus \u0219i el o pl\u00e2ngere pentru ultraj \u00eempotriva \u0219oferului, acuz\u00e2ndu-l de comportament agresiv \u00een timpul interac\u021biunii. Superiorii poli\u021bistului au deschis o anchet\u0103 intern\u0103 pentru a evalua comportamentul acestuia, iar autorit\u0103\u021bile continu\u0103 verific\u0103rile \u00een cazul acestui incident.<\/p>","protected":false},"excerpt":{"rendered":"<p>Cum s-a \u00eent\u00e2mplat totul Incidentul a avut loc \u00eentr-o intersec\u021bie din Ia\u0219i, unde circula\u021bia era&hellip;<\/p>\n","protected":false},"author":0,"featured_media":38312,"comment_status":"open","ping_status":"open","sticky":false,"template":"","format":"standard","meta":{"footnotes":""},"categories":[2],"tags":[],"class_list":["post-38311","post","type-post","status-publish","format-standard","has-post-thumbnail","hentry","category-actual"],"_links":{"self":[{"href":"https:\/\/247stiri.ro\/index.php\/wp-json\/wp\/v2\/posts\/38311","targetHints":{"allow":["GET"]}}],"collection":[{"href":"https:\/\/247stiri.ro\/index.php\/wp-json\/wp\/v2\/posts"}],"about":[{"href":"https:\/\/247stiri.ro\/index.php\/wp-json\/wp\/v2\/types\/post"}],"replies":[{"embeddable":true,"href":"https:\/\/247stiri.ro\/index.php\/wp-json\/wp\/v2\/comments?post=38311"}],"version-history":[{"count":0,"href":"https:\/\/247stiri.ro\/index.php\/wp-json\/wp\/v2\/posts\/38311\/revisions"}],"wp:featuredmedia":[{"embeddable":true,"href":"https:\/\/247stiri.ro\/index.php\/wp-json\/wp\/v2\/media\/38312"}],"wp:attachment":[{"href":"https:\/\/247stiri.ro\/index.php\/wp-json\/wp\/v2\/media?parent=38311"}],"wp:term":[{"taxonomy":"category","embeddable":true,"href":"https:\/\/247stiri.ro\/index.php\/wp-json\/wp\/v2\/categories?post=38311"},{"taxonomy":"post_tag","embeddable":true,"href":"https:\/\/247stiri.ro\/index.php\/wp-json\/wp\/v2\/tags?post=38311"}],"curies":[{"name":"wp","href":"https:\/\/api.w.org\/{rel}","templated":true}]}}