{"id":38314,"date":"2025-03-10T18:44:51","date_gmt":"2025-03-10T18:44:51","guid":{"rendered":"https:\/\/247stiri.ro\/index.php\/2025\/03\/10\/incident-grav-in-gara-din-targu-neamt-un-adolescent-de-17-ani-a-fost-electrocutat\/"},"modified":"2025-03-10T18:44:51","modified_gmt":"2025-03-10T18:44:51","slug":"incident-grav-in-gara-din-targu-neamt-un-adolescent-de-17-ani-a-fost-electrocutat","status":"publish","type":"post","link":"https:\/\/247stiri.ro\/index.php\/2025\/03\/10\/incident-grav-in-gara-din-targu-neamt-un-adolescent-de-17-ani-a-fost-electrocutat\/","title":{"rendered":"Incident grav \u00een gara din T\u00e2rgu Neam\u021b : un adolescent de 17 ani a fost electrocutat"},"content":{"rendered":"<p>Potrivit Inspectoratului de Poli\u021bie Jude\u021bean (IPJ) Neam\u021b, acesta s-ar fi urcat pe un vagon de marf\u0103, \u00eencerc\u00e2nd s\u0103 traverseze liniile ferate.<\/p>\n<p>\u201eDin cercet\u0103rile preliminare efectuate de poli\u021bi\u0219ti a reie\u0219it c\u0103 minorul, \u00een timp ce se afla \u00eempreun\u0103 cu al\u021bi tineri \u00een zona triajului sta\u021biei CF din T\u00e2rgu-Neam\u021b, s-ar fi urcat pe un vagon de marf\u0103 cu inten\u021bia de a trece de cealalt\u0103 parte a liniei ferate, moment \u00een care s-a electrocutat\u201d, a declarat purt\u0103toarea de cuv\u00e2nt a IPJ Neam\u021b, Ramona Ciofu.<\/p>\n<p>Ini\u021bial, adolescentul a fost transportat la spitalul din T\u00e2rgu-Neam\u021b, \u00eens\u0103, din cauza r\u0103nilor grave provocate de electrocutare, a fost transferat de urgen\u021b\u0103 la un spital din Ia\u0219i pentru \u00eengrijiri medicale specializate, scrie <a href=\"https:\/\/www.newsallert.ro\/minor-electrocutat-dupa-ce-s-a-urcat-pe-un-vagon-in-triajul-din-targu-neamt\/\">News Allert<\/a>.<\/p>\n<p>Poli\u021bia continu\u0103 cercet\u0103rile sub aspectul infrac\u021biunii de v\u0103t\u0103mare corporal\u0103 din culp\u0103.<\/p>","protected":false},"excerpt":{"rendered":"<p>Potrivit Inspectoratului de Poli\u021bie Jude\u021bean (IPJ) Neam\u021b, acesta s-ar fi urcat pe un vagon de&hellip;<\/p>\n","protected":false},"author":0,"featured_media":38315,"comment_status":"open","ping_status":"open","sticky":false,"template":"","format":"standard","meta":{"footnotes":""},"categories":[2],"tags":[],"class_list":["post-38314","post","type-post","status-publish","format-standard","has-post-thumbnail","hentry","category-actual"],"_links":{"self":[{"href":"https:\/\/247stiri.ro\/index.php\/wp-json\/wp\/v2\/posts\/38314","targetHints":{"allow":["GET"]}}],"collection":[{"href":"https:\/\/247stiri.ro\/index.php\/wp-json\/wp\/v2\/posts"}],"about":[{"href":"https:\/\/247stiri.ro\/index.php\/wp-json\/wp\/v2\/types\/post"}],"replies":[{"embeddable":true,"href":"https:\/\/247stiri.ro\/index.php\/wp-json\/wp\/v2\/comments?post=38314"}],"version-history":[{"count":0,"href":"https:\/\/247stiri.ro\/index.php\/wp-json\/wp\/v2\/posts\/38314\/revisions"}],"wp:featuredmedia":[{"embeddable":true,"href":"https:\/\/247stiri.ro\/index.php\/wp-json\/wp\/v2\/media\/38315"}],"wp:attachment":[{"href":"https:\/\/247stiri.ro\/index.php\/wp-json\/wp\/v2\/media?parent=38314"}],"wp:term":[{"taxonomy":"category","embeddable":true,"href":"https:\/\/247stiri.ro\/index.php\/wp-json\/wp\/v2\/categories?post=38314"},{"taxonomy":"post_tag","embeddable":true,"href":"https:\/\/247stiri.ro\/index.php\/wp-json\/wp\/v2\/tags?post=38314"}],"curies":[{"name":"wp","href":"https:\/\/api.w.org\/{rel}","templated":true}]}}