{"id":38318,"date":"2025-03-10T18:44:52","date_gmt":"2025-03-10T18:44:52","guid":{"rendered":"https:\/\/247stiri.ro\/index.php\/2025\/03\/10\/tanar-de-19-ani-arestat-pentru-tentativa-de-omor-ar-fi-lovit-intentionat-un-alt-tanar-cu-masina\/"},"modified":"2025-03-10T18:44:52","modified_gmt":"2025-03-10T18:44:52","slug":"tanar-de-19-ani-arestat-pentru-tentativa-de-omor-ar-fi-lovit-intentionat-un-alt-tanar-cu-masina","status":"publish","type":"post","link":"https:\/\/247stiri.ro\/index.php\/2025\/03\/10\/tanar-de-19-ani-arestat-pentru-tentativa-de-omor-ar-fi-lovit-intentionat-un-alt-tanar-cu-masina\/","title":{"rendered":"T\u00e2n\u0103r de 19 ani arestat pentru tentativ\u0103 de omor: ar fi lovit inten\u021bionat un alt t\u00e2n\u0103r cu ma\u0219ina"},"content":{"rendered":"<p>Incidentul a avut loc pe 8 martie 2025, \u00een jurul orei 22:55, pe strada Democra\u021biei din municipiul Foc\u0219ani, iar t\u00e2n\u0103rul agresor a fost prins la scurt timp dup\u0103 eveniment, a anun\u021bat Inspectoratul de Poli\u021bie Jude\u021bean (IPJ) Vrancea.<\/p>\n<p>Ce au anun\u021bat oamenii legii<\/p>\n<p><a href=\"https:\/\/www.realitatea.net\/stiri\/actual\/adolescent-de-17-ani-retinut-dupa-ce-a-amenintat-cu-cutitul-un-baiat-si-la-lovit-in-fata-ce-a-urmarit-agresorul-sa-obtina-de-la-victima_673b2e1375dda1096d60def2\" target=\"_blank\">Potrivit autorit\u0103\u021bilor<\/a>, conflictul dintre cei doi tineri ar fi avut loc \u00een apropierea locului accidentului. Conduc\u0103torul auto, sup\u0103rat de alterca\u021bia spontan\u0103, ar fi inten\u021bionat s\u0103-l loveasc\u0103 pe t\u00e2n\u0103rul de 21 de ani care se afla pe carosabil. La sosirea poli\u021biei, \u0219oferul nu se mai afla la fa\u021ba locului, \u00eens\u0103 a fost identificat rapid \u00een urma cercet\u0103rilor.<\/p>\n<p>Ini\u021bial, incidentul a fost \u00eencadrat ca v\u0103t\u0103mare corporal\u0103 \u0219i p\u0103r\u0103sirea locului accidentului rutier, \u00eens\u0103 dup\u0103 investigarea \u00eemprejur\u0103rilor, autorit\u0103\u021bile au schimbat \u00eencadrarea \u00een tentativ\u0103 de omor. T\u00e2n\u0103rul de 19 ani a fost re\u021binut pentru 24 de ore \u0219i ulterior a primit mandat de arestare preventiv\u0103 pentru 30 de zile.<\/p>\n<p>Victima, t\u00e2n\u0103rul de 21 de ani, a fost transportat\u0103 la spital pentru \u00eengrijiri medicale. Poli\u021bia continu\u0103 cercet\u0103rile pentru a stabili cu exactitate cauzele \u0219i motivele care <a href=\"https:\/\/www.realitatea.net\/stiri\/actual\/tanar-de-23-de-ani-accidentat-mortal-de-un-tren-de-persoane-in-bistrita_65d49679f513916c272568f2\" target=\"_blank\">au dus la acest incident violent.<\/a>\u00a0<\/p>","protected":false},"excerpt":{"rendered":"<p>Incidentul a avut loc pe 8 martie 2025, \u00een jurul orei 22:55, pe strada Democra\u021biei&hellip;<\/p>\n","protected":false},"author":0,"featured_media":38319,"comment_status":"open","ping_status":"open","sticky":false,"template":"","format":"standard","meta":{"footnotes":""},"categories":[2],"tags":[],"class_list":["post-38318","post","type-post","status-publish","format-standard","has-post-thumbnail","hentry","category-actual"],"_links":{"self":[{"href":"https:\/\/247stiri.ro\/index.php\/wp-json\/wp\/v2\/posts\/38318","targetHints":{"allow":["GET"]}}],"collection":[{"href":"https:\/\/247stiri.ro\/index.php\/wp-json\/wp\/v2\/posts"}],"about":[{"href":"https:\/\/247stiri.ro\/index.php\/wp-json\/wp\/v2\/types\/post"}],"replies":[{"embeddable":true,"href":"https:\/\/247stiri.ro\/index.php\/wp-json\/wp\/v2\/comments?post=38318"}],"version-history":[{"count":0,"href":"https:\/\/247stiri.ro\/index.php\/wp-json\/wp\/v2\/posts\/38318\/revisions"}],"wp:featuredmedia":[{"embeddable":true,"href":"https:\/\/247stiri.ro\/index.php\/wp-json\/wp\/v2\/media\/38319"}],"wp:attachment":[{"href":"https:\/\/247stiri.ro\/index.php\/wp-json\/wp\/v2\/media?parent=38318"}],"wp:term":[{"taxonomy":"category","embeddable":true,"href":"https:\/\/247stiri.ro\/index.php\/wp-json\/wp\/v2\/categories?post=38318"},{"taxonomy":"post_tag","embeddable":true,"href":"https:\/\/247stiri.ro\/index.php\/wp-json\/wp\/v2\/tags?post=38318"}],"curies":[{"name":"wp","href":"https:\/\/api.w.org\/{rel}","templated":true}]}}