{"id":38335,"date":"2025-03-10T19:46:22","date_gmt":"2025-03-10T19:46:22","guid":{"rendered":"https:\/\/247stiri.ro\/index.php\/2025\/03\/10\/grav-accident-rutier-din-cauza-unui-sofer-de-22-de-ani-care-nu-a-acordat-prioritate-o-ambulanta-rasturnata-in-urma-impactului\/"},"modified":"2025-03-10T19:46:22","modified_gmt":"2025-03-10T19:46:22","slug":"grav-accident-rutier-din-cauza-unui-sofer-de-22-de-ani-care-nu-a-acordat-prioritate-o-ambulanta-rasturnata-in-urma-impactului","status":"publish","type":"post","link":"https:\/\/247stiri.ro\/index.php\/2025\/03\/10\/grav-accident-rutier-din-cauza-unui-sofer-de-22-de-ani-care-nu-a-acordat-prioritate-o-ambulanta-rasturnata-in-urma-impactului\/","title":{"rendered":"Grav accident rutier din cauza unui \u0219ofer de 22 de ani care nu a acordat prioritate: o ambulan\u021b\u0103 r\u0103sturnat\u0103 \u00een urma impactului"},"content":{"rendered":"<p>Ce au transmis oamenii legii<\/p>\n<p>Potrivit Inspectoratului de Poli\u021bie Jude\u021bean Timi\u0219, incidentul s-a produs atunci c\u00e2nd \u0219oferul unui vehicul de curierat, \u00een v\u00e2rst\u0103 de 22 de ani, nu a acordat prioritate ambulan\u021bei care circula cu semnalele acustice \u0219i luminoase \u00een func\u021biune, pentru a r\u0103spunde unui apel de prim ajutor. Ambulan\u021ba, aflat\u0103 \u00een misiune, a fost lovit\u0103 de ma\u0219ina de curierat, iar \u00een urma impactului, aceasta s-a r\u0103sturnat.<\/p>\n<p>Trei persoane au fost r\u0103nite <a href=\"https:\/\/www.realitatea.net\/stiri\/actual\/accident-tragic-in-botosani-un-barbat-de-57-de-ani-ucis-de-un-sofer-de-18-ani-care-a-fugit-de-la-locul-faptei_67cf0b856ffcc9180750c2e3\" target=\"_blank\">\u00een urma accidentului<\/a>: asistenta de 42 de ani aflat\u0103 la bordul ambulan\u021bei, \u0219oferul curierului \u0219i o t\u00e2n\u0103r\u0103 pasager\u0103 din vehiculul de curierat. To\u021bi cei trei r\u0103ni\u021bi au fost transporta\u021bi la spital pentru \u00eengrijiri medicale suplimentare.<\/p>\n<p>\u201eIncidentul a avut loc pe strada Bistri\u021bei, \u00een Ciacova, la intersec\u021bia cu strada Gheorghe Doja. Autospeciala de ambulan\u021b\u0103, condus\u0103 de un b\u0103rbat de 49 de ani, a fost implicat\u0103 \u00eentr-o coliziune cu autoturismul condus de t\u00e2n\u0103rul de 22 de ani\u201d, a transmis IPJ Timi\u0219.<\/p>\n<p><a href=\"https:\/\/www.realitatea.net\/stiri\/actual\/accident-grav-in-timis-o-ambulanta-si-o-masina-de-curierat-sau-ciocnit-trei-persoane-sunt-ranite_67cef2678a3c5873ec1cfff2\" target=\"_blank\">\u00cen urma accidentului,<\/a> poli\u021bia a deschis un dosar penal pentru v\u0103t\u0103mare corporal\u0103 din culp\u0103 \u0219i continu\u0103 cercet\u0103rile pentru a stabili cu exactitate circumstan\u021bele \u00een care s-a produs coliziunea.<\/p>","protected":false},"excerpt":{"rendered":"<p>Ce au transmis oamenii legii Potrivit Inspectoratului de Poli\u021bie Jude\u021bean Timi\u0219, incidentul s-a produs atunci&hellip;<\/p>\n","protected":false},"author":0,"featured_media":38336,"comment_status":"open","ping_status":"open","sticky":false,"template":"","format":"standard","meta":{"footnotes":""},"categories":[2],"tags":[],"class_list":["post-38335","post","type-post","status-publish","format-standard","has-post-thumbnail","hentry","category-actual"],"_links":{"self":[{"href":"https:\/\/247stiri.ro\/index.php\/wp-json\/wp\/v2\/posts\/38335","targetHints":{"allow":["GET"]}}],"collection":[{"href":"https:\/\/247stiri.ro\/index.php\/wp-json\/wp\/v2\/posts"}],"about":[{"href":"https:\/\/247stiri.ro\/index.php\/wp-json\/wp\/v2\/types\/post"}],"replies":[{"embeddable":true,"href":"https:\/\/247stiri.ro\/index.php\/wp-json\/wp\/v2\/comments?post=38335"}],"version-history":[{"count":0,"href":"https:\/\/247stiri.ro\/index.php\/wp-json\/wp\/v2\/posts\/38335\/revisions"}],"wp:featuredmedia":[{"embeddable":true,"href":"https:\/\/247stiri.ro\/index.php\/wp-json\/wp\/v2\/media\/38336"}],"wp:attachment":[{"href":"https:\/\/247stiri.ro\/index.php\/wp-json\/wp\/v2\/media?parent=38335"}],"wp:term":[{"taxonomy":"category","embeddable":true,"href":"https:\/\/247stiri.ro\/index.php\/wp-json\/wp\/v2\/categories?post=38335"},{"taxonomy":"post_tag","embeddable":true,"href":"https:\/\/247stiri.ro\/index.php\/wp-json\/wp\/v2\/tags?post=38335"}],"curies":[{"name":"wp","href":"https:\/\/api.w.org\/{rel}","templated":true}]}}