{"id":38337,"date":"2025-03-10T19:46:23","date_gmt":"2025-03-10T19:46:23","guid":{"rendered":"https:\/\/247stiri.ro\/index.php\/2025\/03\/10\/noul-premier-canadian-e-mai-suparat-pe-trump-decat-predecesorul-sau-nu-vom-fi-niciodata-niciodata-parte-a-americii\/"},"modified":"2025-03-10T19:46:23","modified_gmt":"2025-03-10T19:46:23","slug":"noul-premier-canadian-e-mai-suparat-pe-trump-decat-predecesorul-sau-nu-vom-fi-niciodata-niciodata-parte-a-americii","status":"publish","type":"post","link":"https:\/\/247stiri.ro\/index.php\/2025\/03\/10\/noul-premier-canadian-e-mai-suparat-pe-trump-decat-predecesorul-sau-nu-vom-fi-niciodata-niciodata-parte-a-americii\/","title":{"rendered":"Noul premier canadian e mai sup\u0103rat pe Trump dec\u00e2t predecesorul s\u0103u: &#8222;Nu vom fi niciodat\u0103, niciodat\u0103, parte a Americii&#8221;"},"content":{"rendered":"<p>\u00a0\u201eNu am cerut aceast\u0103 lupt\u0103, dar canadienii sunt \u00eentotdeauna preg\u0103ti\u0163i atunci c\u00e2nd altcineva arunc\u0103 m\u0103nu\u015file&#8221;, \u00a0a spus Carney \u00een discursul s\u0103u de victorie.\u00a0<\/p>\n<p>\u00a0Membrii Partidului Liberal, aflat la guvernare \u00een Canada, l-au ales pe Carney cu o majoritate zdrobitoare \u00een primul tur de scrutin, duminic\u0103, la un centru de conven\u0163ii din Ottawa, la c\u00e2\u0163iva pa\u015fi de Parliament Hill. Acesta va prelua oficial func\u0163ia de cel de-al 24-lea prim-ministru al Canadei \u00een cursul unei ceremonii de depunere a jur\u0103m\u00e2ntului \u00een zilele urm\u0103toare.<\/p>\n\n<p>Peisajul politic din Canada a fost r\u0103v\u0103\u015fit de revenirea lui Trump la putere \u00een SUA, iar pentru prima dat\u0103 \u00een ultimii ani, liberalii afla\u0163i la guvernare sunt \u00een ascensiune. Una dintre primele decizii ale lui Carney va fi dac\u0103 s\u0103 convoace sau nu alegeri anticipate \u00een mijlocul unui r\u0103zboi comercial. El a identificat amenin\u0163\u0103rile tarifare continue ale lui Trump drept o \u201ecriz\u0103 economic\u0103 \u015fi suveran\u0103&#8221;. \u201eAmericanii vor resursele noastre, apa noastr\u0103, p\u0103m\u00e2ntul nostru, \u0163ara noastr\u0103&#8221;, a spus Carney. \u201eG\u00e2ndi\u0163i-v\u0103 la asta. Dac\u0103 vor reu\u015fi, ne vor distruge modul de via\u0163\u0103&#8221;.<\/p>\n<p><a title=\"Trump amana cu o luna tarifele pentru majoritatea produselor din Mexic\" href=\"https:\/\/www.realitatea.net\/stiri\/actual\/trump-amana-cu-o-luna-tarifele-pentru-majoritatea-produselor-din-mexic_67c9e145160c59643d377e52\">Trump am\u00e2n\u0103 cu o lun\u0103 tarifele pentru majoritatea produselor din Mexic<\/a><\/p>\n<p>\u00cen timpul discursului s\u0103u de desp\u0103r\u0163ire, Trudeau a declarat c\u0103 \u0163ara se afl\u0103 \u00eentr-un moment definitoriu pentru na\u0163iune. Carney a f\u0103cut campanie pentru pozi\u0163ia de conducere pe baza reputa\u0163iei sale de manager al dezastrelor, sus\u0163in\u00e2nd c\u0103 este persoana potrivit\u0103 pentru a-l \u00eenfrunta pe Trump. El a candidat la conducere \u00eempotriva fostului viceprim-ministru Chrystia Freeland, care a avertizat c\u0103 modul \u00een care Canada trateaz\u0103 cu pre\u015fedintele \u201eva defini \u0163ara pentru o genera\u0163ie, \u015fi poate chiar mai mult&#8221;.<\/p>\n<p>Trump se afl\u0103 acum \u00een fruntea listei de motive de \u00eengrijorare pentru canadieni, urmat de locurile de munc\u0103, infla\u0163ie \u015fi economie. Aproximativ 90 % dintre canadieni locuiesc la mai pu\u0163in de 150 de mile de grani\u0163a cu SUA, iar sondajele arat\u0103 c\u0103 cei 40 de milioane de locuitori sunt din ce \u00een ce mai furio\u015fi pe pre\u015fedintele american, care nu \u00eenceteaz\u0103 s\u0103 vorbeasc\u0103 despre anexarea Canadei.<\/p>\n<p>Carney, care a fost guvernator al b\u0103ncilor centrale din Canada \u015fi Regatul Unit, este \u00een favoarea unor tarife de retaliere dolar pentru dolar. El a promis c\u0103 una dintre primele sale sarcini \u00een calitate de prim-ministru va fi s\u0103 \u00eel avertizeze pe Trump cu privire la dependen\u0163a Statelor Unite de energia canadian\u0103. La fel ca Trudeau, el a avertizat c\u0103 toate c\u0103r\u0163ile sunt pe mas\u0103 atunci c\u00e2nd vine vorba de reducerea aprovizion\u0103rii. Carney preia conducerea Partidului Liberal \u00eentr-un moment turbulent. R\u0103zboiul comercial cu Statele Unite amenin\u0163\u0103 s\u0103 blocheze cre\u015fterea economic\u0103 \u015fi s\u0103 trimit\u0103 Canada \u00een recesiune. De asemenea, Carney mo\u015ftene\u015fte o criz\u0103 imobiliar\u0103 de lung\u0103 durat\u0103 \u015fi o infla\u0163ie care continu\u0103 s\u0103 afecteze bugetele gospod\u0103riilor.<\/p>\n<p><a title=\"Avertismentul unui expert. O invazie a Canadei ar declansa un razboi de gherila ce ar distruge America\" href=\"https:\/\/www.realitatea.net\/stiri\/actual\/avertismentul-unui-expert-o-invazie-a-canadei-ar-declansa-un-razboi-de-gherila-ce-ar-distruge-america_67ce0bb1462b751ad568b1ed\">Avertismentul unui expert. O invazie a Canadei ar declan\u0219a un r\u0103zboi de gheril\u0103 ce ar distruge America<\/a><\/p>\n<p>\u00cen timpul campaniei, el s-a prezentat ca un negociator dur, care \u00eel poate opri pe pre\u015fedintele american din obiectivul s\u0103u de a \u201edomina emisfera&#8221; prin preluarea Canadei \u015fi a Groenlandei. El a promis, de asemenea, s\u0103 protejeze \u201elimba, cultura \u015fi apa&#8221; de m\u00e2na lui Trump. Nu este prima dat\u0103 c\u00e2nd Carney a avut conflicte publice cu Trump. \u00cen 2018, \u00een calitate de guvernator al B\u0103ncii Angliei, el a criticat cu \u00eendr\u0103zneal\u0103 politicile tarifare ale lui Trump, sus\u0163in\u00e2nd \u00eentr-un discurs c\u0103 acestea ar afecta economia mondial\u0103.<\/p>\n<p>Iar \u00een 2020, \u00een timpul unui discurs la Davos, el s-a aliniat activistei Greta Thunberg cu privire la politica climatic\u0103, intr\u00e2nd \u00een conflict cu opiniile lui Trump. Trudeau a condus liberalii din 2013. \u00cen ianuarie, acesta a anun\u0163at c\u0103 va demisiona odat\u0103 cu alegerea unui nou lider, \u00een ciuda propriei sale \u00eenclina\u0163ii de a r\u0103m\u00e2ne \u00een func\u0163ie \u015fi de a \u00eencerca s\u0103 ob\u0163in\u0103 un al patrulea mandat. El a fost obligat s\u0103 demisioneze \u00een urma unei revolte a grupului parlamentar, declan\u015fat\u0103 de o sc\u0103dere constant\u0103 \u00een sondaje.<\/p>\n<p>Partidul Liberal s-a raliat \u00een mare m\u0103sur\u0103 \u00een jurul lui Carney, sus\u0163in\u00e2nd c\u0103 experien\u0163a sa economic\u0103 pe scena mondial\u0103 vine \u00eentr-un moment potrivit pentru Canada. Re\u0163eaua sa de contacte se extinde de la Davos la G20. \u00cen calitate de guvernator al B\u0103ncii Canadei, Carney a ajutat \u0163ara s\u0103 treac\u0103 printr-o recesiune \u00een timpul crizei financiare din 2008 \u015fi a condus Marea Britanie prin Brexit \u00een calitate de bancher central al \u0163\u0103rii \u00een 2020. Recent, a fost trimis special al ONU pentru ac\u0163iuni climatice \u015fi finan\u0163are, iar \u00eenceputurile sale au fost la Goldman Sachs.<\/p>\n<p><a title='Canada riposteaza in razboiul taxelor: ,,Americanii vor plati mai mult pentru alimente, benzina si masini\" ' href=\"https:\/\/www.realitatea.net\/stiri\/actual\/canada-riposteaza-in-razboiul-taxelor-americanii-vor-plati-mai-mult-pentru-alimente-benzina-si-masini_67c6d5ddeff15620ed566688\">Canada riposteaz\u0103 \u00een r\u0103zboiul taxelor: \u201eAmericanii vor pl\u0103ti mai mult pentru alimente, benzin\u0103 \u015fi ma\u015fini\u201d<\/a><\/p>","protected":false},"excerpt":{"rendered":"<p>\u00a0\u201eNu am cerut aceast\u0103 lupt\u0103, dar canadienii sunt \u00eentotdeauna preg\u0103ti\u0163i atunci c\u00e2nd altcineva arunc\u0103 m\u0103nu\u015file&#8221;,&hellip;<\/p>\n","protected":false},"author":0,"featured_media":38327,"comment_status":"open","ping_status":"open","sticky":false,"template":"","format":"standard","meta":{"footnotes":""},"categories":[2],"tags":[],"class_list":["post-38337","post","type-post","status-publish","format-standard","has-post-thumbnail","hentry","category-actual"],"_links":{"self":[{"href":"https:\/\/247stiri.ro\/index.php\/wp-json\/wp\/v2\/posts\/38337","targetHints":{"allow":["GET"]}}],"collection":[{"href":"https:\/\/247stiri.ro\/index.php\/wp-json\/wp\/v2\/posts"}],"about":[{"href":"https:\/\/247stiri.ro\/index.php\/wp-json\/wp\/v2\/types\/post"}],"replies":[{"embeddable":true,"href":"https:\/\/247stiri.ro\/index.php\/wp-json\/wp\/v2\/comments?post=38337"}],"version-history":[{"count":0,"href":"https:\/\/247stiri.ro\/index.php\/wp-json\/wp\/v2\/posts\/38337\/revisions"}],"wp:featuredmedia":[{"embeddable":true,"href":"https:\/\/247stiri.ro\/index.php\/wp-json\/wp\/v2\/media\/38327"}],"wp:attachment":[{"href":"https:\/\/247stiri.ro\/index.php\/wp-json\/wp\/v2\/media?parent=38337"}],"wp:term":[{"taxonomy":"category","embeddable":true,"href":"https:\/\/247stiri.ro\/index.php\/wp-json\/wp\/v2\/categories?post=38337"},{"taxonomy":"post_tag","embeddable":true,"href":"https:\/\/247stiri.ro\/index.php\/wp-json\/wp\/v2\/tags?post=38337"}],"curies":[{"name":"wp","href":"https:\/\/api.w.org\/{rel}","templated":true}]}}