{"id":38338,"date":"2025-03-10T19:46:23","date_gmt":"2025-03-10T19:46:23","guid":{"rendered":"https:\/\/247stiri.ro\/index.php\/2025\/03\/10\/ilie-bolojan-mesaj-pentru-protestatarii-de-la-ccr-sfatul-meu-pentru-toti-cei-care-incita-la-violenta-ar-fi-sa-se-opreasca\/"},"modified":"2025-03-10T19:46:23","modified_gmt":"2025-03-10T19:46:23","slug":"ilie-bolojan-mesaj-pentru-protestatarii-de-la-ccr-sfatul-meu-pentru-toti-cei-care-incita-la-violenta-ar-fi-sa-se-opreasca","status":"publish","type":"post","link":"https:\/\/247stiri.ro\/index.php\/2025\/03\/10\/ilie-bolojan-mesaj-pentru-protestatarii-de-la-ccr-sfatul-meu-pentru-toti-cei-care-incita-la-violenta-ar-fi-sa-se-opreasca\/","title":{"rendered":"Ilie Bolojan, mesaj pentru protestatarii de la CCR: \u201eSfatul meu pentru to\u0163i cei care incit\u0103 la violen\u0163\u0103 ar fi s\u0103 se opreasc\u0103\u201d"},"content":{"rendered":"<p>El face, de asemenea, apel c\u0103tre politicieni, ar\u0103t\u00e2nd: \u201dcu c\u00e2t ai o func\u0163ie mai important\u0103, cu c\u00e2t de\u0163ii o anumit\u0103 vizibilitate public\u0103, cu at\u00e2t constr\u00e2ngerile sunt mai mari\u201d. \u201dSfatul meu c\u0103tre to\u0163i cei incit\u0103 la violen\u0163\u0103 ar fi s\u0103 se opreasc\u0103, pentru c\u0103 niciodat\u0103 violen\u0163a nu a adus nimic bun unei societ\u0103\u0163i\u201d, este mesajul pre\u015fedintelui interimar al Rom\u00e2niei.<\/p>\n<p>\u201dCred c\u0103 \u00een orice \u0163ar\u0103 care se pretinde una democratic\u0103 \u015fi una stabil\u0103 violen\u0163ele efective, a\u015fa cum s-au \u00eent\u00e2mplat ieri, \u015fi \u00eencurajarea la violen\u0163\u0103, indiferent c\u0103 distrugerile sunt \u00eempotriva unor institu\u0163ii, a unor jurnali\u015fti, a unor persoane fizice sau juridice sau a unor bunuri publice sau private sunt de condamnat \u015fi cred c\u0103 astfel de lucruri nu ne pot duce \u00eentr-o direc\u0163ie bun\u0103. Cred c\u0103 orice om responsabil nu poate s\u0103 sus\u0163in\u0103 aceste lucruri \u015fi s\u0103 \u00eei \u00eendemn\u0103m pe to\u0163i cet\u0103\u0163enii Rom\u00e2niei, pe care \u00eei respect, s\u0103 protesteze, dac\u0103 vor s\u0103 protesteze vis-a-vis de o decizie sau alta, dar \u00eentr-o form\u0103 civilizat\u0103 \u015fi normal\u0103 pentru c\u0103 o pace social\u0103 nu po\u0163i s\u0103 o ai \u00een astfel de situa\u0163ii\u201d, a afirmat Ilie Bolojan, luni sear\u0103, la un post TV.<\/p>\n<p>Pre\u015fedintele interimar al Rom\u00e2niei a vorbit \u015fi despre \u00eendemnul la violen\u0163\u0103 adresat din partea unor politicieni sau a unor persoane cu notorietate.<\/p>\n<p>\u201d\u00cendemnurile la violen\u0163\u0103, indiferent cine le face, sunt un lucru total anormal, sunt de evitat pentru c\u0103 \u00eencurajarea la violen\u0163\u0103 nu ne poate duce dec\u00e2t la degradare, la distrugere \u015fi la lucruri care nu sunt bune pentru \u0163ara noastr\u0103. Cu c\u00e2t ai o func\u0163ie mai important\u0103, cu c\u00e2t de\u0163ii o anumit\u0103 vizibilitate public\u0103, cu at\u00e2t constr\u00e2ngerile trebuie s\u0103 fie mai mari \u015fi cu at\u00e2t responsabilitatea pentru ceea ce faci este mai mare. Deci, orice lider politic, orice om care are o tribun\u0103 de exprimare, are o portavoce cred c\u0103 trebuie s\u0103 fie cu at\u00e2t mai responsabil \u015fi s\u0103 nu recurg\u0103 la astfel de lucruri. Sfatul meu pentru to\u0163i cei care incit\u0103 la violen\u0163\u0103 ar fi s\u0103 se opreasc\u0103, pentru c\u0103 niciodat\u0103 violen\u0163a nu a adus nimic bun unei societ\u0103\u0163i\u201d, a ad\u0103ugat\u00a0Ilie Bolojan.<\/p>","protected":false},"excerpt":{"rendered":"<p>El face, de asemenea, apel c\u0103tre politicieni, ar\u0103t\u00e2nd: \u201dcu c\u00e2t ai o func\u0163ie mai important\u0103,&hellip;<\/p>\n","protected":false},"author":0,"featured_media":38331,"comment_status":"open","ping_status":"open","sticky":false,"template":"","format":"standard","meta":{"footnotes":""},"categories":[2],"tags":[],"class_list":["post-38338","post","type-post","status-publish","format-standard","has-post-thumbnail","hentry","category-actual"],"_links":{"self":[{"href":"https:\/\/247stiri.ro\/index.php\/wp-json\/wp\/v2\/posts\/38338","targetHints":{"allow":["GET"]}}],"collection":[{"href":"https:\/\/247stiri.ro\/index.php\/wp-json\/wp\/v2\/posts"}],"about":[{"href":"https:\/\/247stiri.ro\/index.php\/wp-json\/wp\/v2\/types\/post"}],"replies":[{"embeddable":true,"href":"https:\/\/247stiri.ro\/index.php\/wp-json\/wp\/v2\/comments?post=38338"}],"version-history":[{"count":0,"href":"https:\/\/247stiri.ro\/index.php\/wp-json\/wp\/v2\/posts\/38338\/revisions"}],"wp:featuredmedia":[{"embeddable":true,"href":"https:\/\/247stiri.ro\/index.php\/wp-json\/wp\/v2\/media\/38331"}],"wp:attachment":[{"href":"https:\/\/247stiri.ro\/index.php\/wp-json\/wp\/v2\/media?parent=38338"}],"wp:term":[{"taxonomy":"category","embeddable":true,"href":"https:\/\/247stiri.ro\/index.php\/wp-json\/wp\/v2\/categories?post=38338"},{"taxonomy":"post_tag","embeddable":true,"href":"https:\/\/247stiri.ro\/index.php\/wp-json\/wp\/v2\/tags?post=38338"}],"curies":[{"name":"wp","href":"https:\/\/api.w.org\/{rel}","templated":true}]}}