{"id":38339,"date":"2025-03-10T19:46:24","date_gmt":"2025-03-10T19:46:24","guid":{"rendered":"https:\/\/247stiri.ro\/index.php\/2025\/03\/10\/elena-radu-avocatul-care-a-depus-contestatia-la-ccr-pentru-calin-georgescu-se-incearca-eliminarea-din-procesul-electoral-a-unui-candidat\/"},"modified":"2025-03-10T19:46:24","modified_gmt":"2025-03-10T19:46:24","slug":"elena-radu-avocatul-care-a-depus-contestatia-la-ccr-pentru-calin-georgescu-se-incearca-eliminarea-din-procesul-electoral-a-unui-candidat","status":"publish","type":"post","link":"https:\/\/247stiri.ro\/index.php\/2025\/03\/10\/elena-radu-avocatul-care-a-depus-contestatia-la-ccr-pentru-calin-georgescu-se-incearca-eliminarea-din-procesul-electoral-a-unui-candidat\/","title":{"rendered":"Elena Radu, avocatul care a depus contesta\u021bia la CCR pentru C\u0103lin Georgescu: \u201eSe \u00eencearc\u0103 eliminarea din procesul electoral a unui candidat\u201d"},"content":{"rendered":"<p>\u201eEu am contestat decizia BEC pentru c\u0103, \u00een opinia mea, fa\u021b\u0103 de modalitatea \u00een care se procedeaz\u0103, \u00eenseamn\u0103 c\u0103 dreptul de a fi ales care ar trebui garantat de c\u0103tre statul rom\u00e2n, poate s\u0103 fie anulat, \u00een final, printr-o decizie a CCR, care invoc\u0103 varii motive prin care \u00eel elimin\u0103 dintr-un proces electoral pe unul dintre candida\u021bi. Potrivit Constitu\u021biei Rom\u00e2niei, drepturile pot fi restr\u00e2nse numai prin legea dat\u0103 de c\u0103tre parlament. Or, noi constat\u0103m c\u0103 ce s-a \u00eent\u00e2mplat \u00een procesul electoral privind alegerea pre\u0219edintelui Rom\u00e2niei este o modalitate nelegal\u0103 \u0219i neconstitu\u021bional\u0103 prin care CCR \u0219i BEC caut\u0103 s\u0103 invoce ni\u0219te condi\u021bii la legea adoptat\u0103 de Parlament pentru a candida. Iar acum cei de la BEC vin \u0219i spun c\u0103, av\u00e2nd \u00een vedere jurispruden\u021ba CCR prin care a fost \u00eenl\u0103turat\u0103 din cursa electoral\u0103 doamna Diana \u0218o\u0219oac\u0103, precum \u0219i decizia de anulare a alegerilor \u00een care nu se pronun\u021b\u0103 deloc numele lui C\u0103lin Georgescu, vine BEC acuma \u0219i ne spune c\u0103 \u00eel \u00eenl\u0103tur\u0103 din cursa electoral\u0103 \u0219i nu mai e nevoie de nicio condi\u021bie prev\u0103zut\u0103 de legea 370\/2004. Iar \u00een aceste condi\u021bii, ne vom trezi c\u0103, pe viitor, orice cet\u0103\u021bean care a de\u021binut o func\u021bie public\u0103, adic\u0103 cei care depun un jur\u0103m\u00e2nt, nu cred c\u0103 exist\u0103 vreo persoan\u0103 care s\u0103 nu fi \u00eenc\u0103lcat legea. Deci, asta \u00eenseamn\u0103 c\u0103, pe viitor, vor putea candida numai persoane care nu au avut niciodat\u0103 func\u021bii publice. Se \u00eengr\u0103de\u0219te tot mai mult, prin diverse artificii, dreptul de a fi ales \u0219i cel de a alege, c\u0103ci p\u00e2n\u0103 la urm\u0103 cet\u0103\u021benii care vor s\u0103 voteze un candidat care \u00eendepline\u0219te toate cerin\u021bele, dar care este eliminat din cursa electoral\u0103 pe criterii inventate, atunci afecteaz\u0103 libertatea de a alege\u201d, a declarat Elena Radu.<\/p>\n<p>Curtea Constitu\u021bional\u0103 a Rom\u00e2niei are de munc\u0103, zilele acestea. Ast\u0103zi au fost depuse dou\u0103 contesta\u021bii la decizia Biroului Electoral Central de a refuza dosarul de candidat la alegerile preziden\u021biale depus de C\u0103lin Georgescu. Una depus\u0103 de un avocat al candidatului, iar o a doua este depus\u0103 de Elena Radu, tot avocat \u0219i ea<\/p>\n<p>\u201eAst\u0103zi, 10 martie 2025, a fost \u00eenregistrat\u0103 la Curtea Constitu\u021bional\u0103 contesta\u021bia formulat\u0103 de domnul R.E. \u00eempotriva Deciziei Biroului Electoral Central nr.18D\/9.03.2025 privind re\u00eenregistrarea candidaturii independente a domnului GEORGESCU C\u0103lin \u0219i a semnului electoral la alegerile pentru Pre\u0219edintele Rom\u00e2niei din anul 2025.<\/p>\n<p>\u00a0<\/p>\n<p>Contesta\u021bia formeaz\u0103 obiectul Dosarului Cur\u021bii Constitu\u021bionale nr.928F\/2025.<\/p>\n<p>\u00a0\u00a0<\/p>\n<p>Documentul integral\u00a0<a href=\"https:\/\/media.realitatea.net\/multimedia\/other\/202503\/Dosar-928F-anonimizat_46d61c5f4b.pdf\" target=\"_blank\">AICI<\/a><\/p>\n<p>Cauza se solu\u021bioneaz\u0103 pe baza sesiz\u0103rii \u015fi a celorlalte documente depuse la dosar p\u00e2n\u0103 la data de 11 martie 2025, ora 14\u201d, se arat\u0103 \u00een comunicatul de la CCR.<\/p>\n<p>\u00a0<\/p>\n<p>\u00centr-un context electoral deja tensionat, Curtea Constitu\u021bional\u0103 a Rom\u00e2niei a convocat o \u0219edin\u021b\u0103 pentru m\u00e2ine, mar\u021bi, la ora 17.00, pentru a analiza contesta\u021biile care au fost depuse \u00een cursul zilei de ast\u0103zi<\/p>\n<p>\u00a0<\/p>\n<p>M\u00e2ine, la ora 17.00, a fost convocat\u0103 \u0219edin\u021ba Cur\u021bii Constitu\u021bionale. Magistra\u021bii se reunesc pentru a analiza toate contesta\u021biile care vor fi depuse \u00een cursul zilei de ast\u0103zi.<\/p>\n<p>\u00a0\u00a0<\/p>\n<p>Cealalt\u0103 contesta\u021bie care se va afla pe masa judec\u0103torilor CCR va fi cea depus\u0103 \u00eempotriva candidaturii actualului primar general al Capitalei, Nicu\u0219or Dan.<\/p>\n<p>C\u0103lin Georgescu a contestat la Curtea Constitu\u021bional\u0103 decizia de respingere a candidaturii sale la alegerile din luna mai. Vorbim fix despre locul unde a \u00eenceput \u00eentreag\u0103 aceast\u0103 poveste, respectiv distrugerea democra\u021biei unui stat membru al Uniunii Europene.\u00a0<\/p>\n<p>\u00cen 24 de ore este termenul limit\u0103 pentru depunerea acestei contesta\u021bii iar mai apoi, p\u00e2n\u0103 miercuri, cei 9 judec\u0103tori au obliga\u021bia s\u0103 se pronun\u021be cu privire la aceast\u0103 decizie, respectiv dac\u0103 Georgescu va candida sau nu la alegerile preziden\u021biale din luna mai.\u00a0<\/p>\n<p><a title=\"Sustinatorii lui Calin Georgescu, mobilizare fara precedent. Mii de romani au pornit spre Capitala. Vor sa isi apere tara si drepturile \" href=\"https:\/\/www.realitatea.net\/stiri\/actual\/sustinatorii-lui-calin-georgescu-mobilizare-fara-precedent-mii-de-romani-au-pornit-spre-capitala-vor-sa-isi-apere-tara-si-drepturile_67ceb69b8dd7de11026127a2\">Sus\u021bin\u0103torii lui C\u0103lin Georgescu, mobilizare f\u0103r\u0103 precedent. Mii de rom\u00e2ni au pornit spre Capital\u0103. Vor s\u0103 \u00ee\u0219i apere \u021bara \u0219i drepturile<\/a><\/p>\n<p>C\u0103lin Georgescu d\u0103 \u00een judecat\u0103 Guvernul Rom\u00e2niei, Autoritatea Electoral\u0103 Permanent\u0103 \u0219i Biroul Electoral Central<\/p>\n<p>C\u0103lin Georgescu nu se \u00eencurc\u0103 \u0219i d\u0103 \u00een judecat\u0103 cele trei institu\u021bii fundamentale \u00een organizarea de alegeri. Acesta le cere tuturor celor trei, implica\u021bi \u00een organizarea de alegeri, s\u0103 reia\u00a0 Turul 2 al alegerilor pentru pre\u0219edin\u021bia Rom\u00e2niei. Asta pentru c\u0103, spun avoca\u021bii lui Georgescu, \u201e\u00eentotdeauna are \u00eent\u00e2ietate norma juridic\u0103 pozitiv\u0103, creatoare de efecte juridice!\u201d.<\/p>\n<p>\u201eEste Hot\u0103r\u00e2rea nr.31\/2024 a CCR,\u00a0 VALID\u0102?<\/p>\n<p>R\u0103spuns: DA!<\/p>\n<p>Este Hot\u0103r\u00e2rea nr.31 a CCR CONSTITU\u021aIONAL\u0102?<\/p>\n<p>\u00a0\u00a0<\/p>\n<p>R\u0103spuns: DA!<\/p>\n<p>\u00ceN CAZUL ACESTA VA FI INI\u021aIAT\u0102 \u00ceN CURSUL ZILEI DE\u00a0 11 MARTIE O AC\u021aIUNE \u00ceN OBLIGA\u021aIA DE A FACE (Art.1528 Cod Civil).<\/p>\n<p>Reclamant: C\u0103lin Georgescu.<\/p>\n<p>P\u00e2r\u00e2\u021bi: Guvernul Rom\u00e2niei, AEP, BEC,<\/p>\n<p>Prin care s\u0103 fie obliga\u021bi p\u00e2r\u00e2\u021bii s\u0103 organizeze Turul doi al alegerilor pentru Pre\u0219edin\u021bia Rom\u00e2niei.<\/p>\n<p>Prin obliga\u0163ie de a face se \u00een\u021belege \u00eendatorirea de a executa o lucrare, de a presta un serviciu sau de a preda un lucru, deci, \u00een general, orice presta\u021bie pozitiv\u0103 \u00een afara celor care se \u00eencadreaz\u0103 \u00een no\u0163iunea de \u201ea da\u201d.<\/p>\n<p>Obliga\u021bia de a nu face const\u0103 \u00een \u00eendatorirea subiectului pasiv de a se ab\u021bine de la o ac\u021biune sau de la anumite ac\u021biuni.<\/p>\n<p>S-ar putea sus\u021bine c\u0103 exist\u0103 \u0219i Hot\u0103r\u00e2rea nr.32\/2024 a CCR, care anuleaz\u0103 \u00eentreg procesul electoral, spre deosebire de Hot\u0103r\u00e2rea nr.31\/2024 care valideaz\u0103 Turul \u00eent\u00e2i.<\/p>\n<p>\u00cen dreptul rom\u00e2nesc exist\u0103 principiul eficien\u021bei juridice, care \u00een cazul existen\u021bei a mai multor norme juridice care reglementeaz\u0103 acela\u0219i raport juridic, acord\u0103 \u00eent\u00e2ietate normei care creeaz\u0103 efecte juridice constructive \u0219i nu normelor care creeaz\u0103 efecte distructive.<\/p>\n<p>\u00centotdeauna are \u00eent\u00e2ietate norma juridic\u0103 pozitiv\u0103, creatoare de efecte juridice!\u201d, se arat\u0103 \u00een comunicatul trimis de C\u0103lin Georgescu.<\/p>\n<p><a title=\"Semne uriase de intrebare dupa decizia BEC in cazul lui Calin Georgescu. ANALIZA MOMENTULUI: doar CCR poate decide pe conditii de constitutionalitate\" href=\"https:\/\/www.realitatea.net\/stiri\/actual\/semne-uriase-de-intrebare-dupa-decizia-bec-in-cazul-lui-calin-georgescu-analiza-momentului-doar-ccr-poate-decide-pe-conditii-de-constitutionalitate_67cec33152efbb02560b75f2\">Semne uria\u0219e de \u00eentrebare dup\u0103 decizia BEC \u00een cazul lui C\u0103lin Georgescu. ANALIZA MOMENTULUI: doar CCR poate decide pe condi\u021bii de constitu\u021bionalitate<\/a><\/p>","protected":false},"excerpt":{"rendered":"<p>\u201eEu am contestat decizia BEC pentru c\u0103, \u00een opinia mea, fa\u021b\u0103 de modalitatea \u00een care&hellip;<\/p>\n","protected":false},"author":0,"featured_media":38333,"comment_status":"open","ping_status":"open","sticky":false,"template":"","format":"standard","meta":{"footnotes":""},"categories":[2],"tags":[],"class_list":["post-38339","post","type-post","status-publish","format-standard","has-post-thumbnail","hentry","category-actual"],"_links":{"self":[{"href":"https:\/\/247stiri.ro\/index.php\/wp-json\/wp\/v2\/posts\/38339","targetHints":{"allow":["GET"]}}],"collection":[{"href":"https:\/\/247stiri.ro\/index.php\/wp-json\/wp\/v2\/posts"}],"about":[{"href":"https:\/\/247stiri.ro\/index.php\/wp-json\/wp\/v2\/types\/post"}],"replies":[{"embeddable":true,"href":"https:\/\/247stiri.ro\/index.php\/wp-json\/wp\/v2\/comments?post=38339"}],"version-history":[{"count":0,"href":"https:\/\/247stiri.ro\/index.php\/wp-json\/wp\/v2\/posts\/38339\/revisions"}],"wp:featuredmedia":[{"embeddable":true,"href":"https:\/\/247stiri.ro\/index.php\/wp-json\/wp\/v2\/media\/38333"}],"wp:attachment":[{"href":"https:\/\/247stiri.ro\/index.php\/wp-json\/wp\/v2\/media?parent=38339"}],"wp:term":[{"taxonomy":"category","embeddable":true,"href":"https:\/\/247stiri.ro\/index.php\/wp-json\/wp\/v2\/categories?post=38339"},{"taxonomy":"post_tag","embeddable":true,"href":"https:\/\/247stiri.ro\/index.php\/wp-json\/wp\/v2\/tags?post=38339"}],"curies":[{"name":"wp","href":"https:\/\/api.w.org\/{rel}","templated":true}]}}