{"id":38340,"date":"2025-03-10T19:46:24","date_gmt":"2025-03-10T19:46:24","guid":{"rendered":"https:\/\/247stiri.ro\/index.php\/2025\/03\/10\/inmatricularile-de-masini-tesla-in-romania-au-scazut-spectaculos-in-primele-luni-ale-anului\/"},"modified":"2025-03-10T19:46:24","modified_gmt":"2025-03-10T19:46:24","slug":"inmatricularile-de-masini-tesla-in-romania-au-scazut-spectaculos-in-primele-luni-ale-anului","status":"publish","type":"post","link":"https:\/\/247stiri.ro\/index.php\/2025\/03\/10\/inmatricularile-de-masini-tesla-in-romania-au-scazut-spectaculos-in-primele-luni-ale-anului\/","title":{"rendered":"\u00cenmatricul\u0103rile de ma\u0219ini Tesla \u00een Rom\u00e2nia au sc\u0103zut spectaculos \u00een primele luni ale anului"},"content":{"rendered":"<p>\u00cen luna ianuarie 2025, au fost \u00eenmatriculate 125 de ma\u0219ini Tesla,\u00a0\u00een sc\u0103dere cu 77,8% fa\u021b\u0103 de ianuarie 2024, c\u00e2nd au fost \u00eenmatriculate 564 de unit\u0103\u021bi.<\/p>\n<p>\u00cen luna februarie 2025, au fost \u00eenmatriculate 181 de ma\u0219ini Tesla, \u00een sc\u0103dere cu 78,9% fa\u021b\u0103 de februarie 2024, c\u00e2nd au fost \u00eenmatriculate 859 de unit\u0103\u021bi, conform datelor consultate de economedia.<\/p>\n<p>Cu toate c\u0103 \u00eenmatricul\u0103rile au sc\u0103zut \u0219i pentru alte branduri de vehicule electrice, declinul \u00eenregistrat de Tesla nu a fost egalat de niciun alt produc\u0103tor. La polul opus, m\u0103rci precum Renault au experimentat cre\u0219teri semnificative ale \u00eenmatricul\u0103rilor, de 70% \u0219i 140% \u00een lunile ianuarie \u0219i februarie.<\/p>\n<p>Recent, v\u00e2nz\u0103rile de ma\u0219ini Tesla au \u00eenregistrat sc\u0103deri semnificative la nivel global, inclusiv \u00een Europa, ca urmare a efectelor negative generate de declara\u021biile controversate ale lui Elon Musk. \u00cen ultima lun\u0103, ac\u021biunile companiei au sc\u0103zut cu 30%, iar mul\u021bi proprietari au \u00eenceput s\u0103 \u00ee\u0219i v\u00e2nd\u0103 vehiculele Tesla.<\/p>\n<p><a title='Trump limiteaza puterile lui Elon Musk - ,,Nu el are ultimul cuvant\"' href=\"https:\/\/www.realitatea.net\/stiri\/actual\/trump-limiteaza-puterile-lui-elon-musk-nu-el-are-ultimul-cuvant_67cb509e14315379cd7d8f23\">Trump limiteaz\u0103 puterile lui Elon Musk &#8211; \u201eNu el are ultimul cuv\u00e2nt\u201d<\/a><\/p>","protected":false},"excerpt":{"rendered":"<p>\u00cen luna ianuarie 2025, au fost \u00eenmatriculate 125 de ma\u0219ini Tesla,\u00a0\u00een sc\u0103dere cu 77,8% fa\u021b\u0103&hellip;<\/p>\n","protected":false},"author":0,"featured_media":38341,"comment_status":"open","ping_status":"open","sticky":false,"template":"","format":"standard","meta":{"footnotes":""},"categories":[2],"tags":[],"class_list":["post-38340","post","type-post","status-publish","format-standard","has-post-thumbnail","hentry","category-actual"],"_links":{"self":[{"href":"https:\/\/247stiri.ro\/index.php\/wp-json\/wp\/v2\/posts\/38340","targetHints":{"allow":["GET"]}}],"collection":[{"href":"https:\/\/247stiri.ro\/index.php\/wp-json\/wp\/v2\/posts"}],"about":[{"href":"https:\/\/247stiri.ro\/index.php\/wp-json\/wp\/v2\/types\/post"}],"replies":[{"embeddable":true,"href":"https:\/\/247stiri.ro\/index.php\/wp-json\/wp\/v2\/comments?post=38340"}],"version-history":[{"count":0,"href":"https:\/\/247stiri.ro\/index.php\/wp-json\/wp\/v2\/posts\/38340\/revisions"}],"wp:featuredmedia":[{"embeddable":true,"href":"https:\/\/247stiri.ro\/index.php\/wp-json\/wp\/v2\/media\/38341"}],"wp:attachment":[{"href":"https:\/\/247stiri.ro\/index.php\/wp-json\/wp\/v2\/media?parent=38340"}],"wp:term":[{"taxonomy":"category","embeddable":true,"href":"https:\/\/247stiri.ro\/index.php\/wp-json\/wp\/v2\/categories?post=38340"},{"taxonomy":"post_tag","embeddable":true,"href":"https:\/\/247stiri.ro\/index.php\/wp-json\/wp\/v2\/tags?post=38340"}],"curies":[{"name":"wp","href":"https:\/\/api.w.org\/{rel}","templated":true}]}}