{"id":38358,"date":"2025-03-10T20:45:15","date_gmt":"2025-03-10T20:45:15","guid":{"rendered":"https:\/\/247stiri.ro\/index.php\/2025\/03\/10\/ilie-bolojan-a-dezvaluit-motivul-pentru-care-nu-a-acceptat-sa-candideze-la-prezidentiale\/"},"modified":"2025-03-10T20:45:15","modified_gmt":"2025-03-10T20:45:15","slug":"ilie-bolojan-a-dezvaluit-motivul-pentru-care-nu-a-acceptat-sa-candideze-la-prezidentiale","status":"publish","type":"post","link":"https:\/\/247stiri.ro\/index.php\/2025\/03\/10\/ilie-bolojan-a-dezvaluit-motivul-pentru-care-nu-a-acceptat-sa-candideze-la-prezidentiale\/","title":{"rendered":"Ilie Bolojan a dezv\u0103luit motivul pentru care nu a acceptat s\u0103 candideze la preziden\u021biale"},"content":{"rendered":"<p>Pre\u015fedintele interimar a declarat c\u0103, \u00eenainte de a ocupa aceast\u0103 func\u021bie, \u00een calitate de pre\u0219edinte al PNL, a semnat un protocol de coali\u021bie pentru a stabili un candidat comun, tocmai pentru a evita conflictele \u00een coali\u021bie. El consider\u0103 c\u0103 o eventual\u0103 candidatur\u0103 a sa a fi creat instabilitate.<\/p>\n<p>\u201eChestiunea candidaturilor o vedem \u00een derulare \u00een aceste zile. Am explicat deja de dou\u0103 ori, cred, aceast\u0103 situa\u021bie \u0219i trebuie s\u0103 discut\u0103m foarte deschis. \u00cenainte de a ajunge pre\u0219edinte interimar, \u00een urma demisiei pre\u0219edintelui Iohannis, eram pre\u0219edintele PNL \u0219i, \u00een aceast\u0103 calitate, am semnat un protocol de coali\u021bie prin care stabilisem un candidat comun al partidelor care formeaz\u0103 majoritatea parlamentar\u0103.<\/p>\n<p><a title='Ilie Bolojan, mesaj pentru protestatarii de la CCR: ,,Sfatul meu pentru toti cei care incita la violenta ar fi sa se opreasca\"' href=\"https:\/\/www.realitatea.net\/stiri\/actual\/ilie-bolojan-mesaj-pentru-protestatarii-de-la-ccr-sfatul-meu-pentru-toti-cei-care-incita-la-violenta-ar-fi-sa-se-opreasca_67cf396babae2a103165cb92\">Ilie Bolojan, mesaj pentru protestatarii de la CCR: \u201eSfatul meu pentru to\u0163i cei care incit\u0103 la violen\u0163\u0103 ar fi s\u0103 se opreasc\u0103\u201d<\/a><\/p>\n<p>Decizia de a stabili un candidat comun \u0219i de a evita conflictele din coali\u021bie a fost, cred, o decizie bun\u0103, av\u00e2nd \u00een vedere ce s-a \u00eent\u00e2mplat \u00een anii trecu\u021bi. G\u00e2ndi\u021bi-v\u0103 c\u0103, av\u00e2nd aceast\u0103 posibilitate de a avea o anumit\u0103 vizibilitate, intram din nou \u00eentr-o competi\u021bie politic\u0103.<\/p>\n<p>G\u00e2ndi\u021bi-v\u0103 ce ar fi \u00eensemnat pentru stabilitatea \u021b\u0103rii noastre, pentru c\u0103 existau riscuri ca aceast\u0103 coali\u021bie s\u0103 nu mai func\u021bioneze \u0219i, dac\u0103 Rom\u00e2nia nu are nevoie de ceva, nu are nevoie de instabilitate guvernamental\u0103, deoarece aceasta ar duce la riscuri bugetare \u0219i economice, datorit\u0103 deficitelor mari. Una dintre condi\u021biile esen\u021biale pentru a evita complica\u021biile bugetare este s\u0103 ai o guvernare stabil\u0103. G\u00e2ndi\u021bi-v\u0103 ce s-ar fi \u00eent\u00e2mplat \u00een acest caz\u201d, a spus Ilie Bolojan \u00een cadrul unui interviu tv.<\/p>\n<p><a title='Ilie Bolojan: ,,Europa nu se poate apara fara Statele Unite\"' href=\"https:\/\/www.realitatea.net\/stiri\/actual\/ilie-bolojan-europa-nu-se-poate-apara-fara-statele-unite_67cf40e341621076a07663ca\">Ilie Bolojan: \u201eEuropa nu se poate ap\u0103ra f\u0103r\u0103 Statele Unite\u201d<\/a><\/p>\n<p>\u00a0<\/p>","protected":false},"excerpt":{"rendered":"<p>Pre\u015fedintele interimar a declarat c\u0103, \u00eenainte de a ocupa aceast\u0103 func\u021bie, \u00een calitate de pre\u0219edinte&hellip;<\/p>\n","protected":false},"author":0,"featured_media":38355,"comment_status":"open","ping_status":"open","sticky":false,"template":"","format":"standard","meta":{"footnotes":""},"categories":[2],"tags":[],"class_list":["post-38358","post","type-post","status-publish","format-standard","has-post-thumbnail","hentry","category-actual"],"_links":{"self":[{"href":"https:\/\/247stiri.ro\/index.php\/wp-json\/wp\/v2\/posts\/38358","targetHints":{"allow":["GET"]}}],"collection":[{"href":"https:\/\/247stiri.ro\/index.php\/wp-json\/wp\/v2\/posts"}],"about":[{"href":"https:\/\/247stiri.ro\/index.php\/wp-json\/wp\/v2\/types\/post"}],"replies":[{"embeddable":true,"href":"https:\/\/247stiri.ro\/index.php\/wp-json\/wp\/v2\/comments?post=38358"}],"version-history":[{"count":0,"href":"https:\/\/247stiri.ro\/index.php\/wp-json\/wp\/v2\/posts\/38358\/revisions"}],"wp:featuredmedia":[{"embeddable":true,"href":"https:\/\/247stiri.ro\/index.php\/wp-json\/wp\/v2\/media\/38355"}],"wp:attachment":[{"href":"https:\/\/247stiri.ro\/index.php\/wp-json\/wp\/v2\/media?parent=38358"}],"wp:term":[{"taxonomy":"category","embeddable":true,"href":"https:\/\/247stiri.ro\/index.php\/wp-json\/wp\/v2\/categories?post=38358"},{"taxonomy":"post_tag","embeddable":true,"href":"https:\/\/247stiri.ro\/index.php\/wp-json\/wp\/v2\/tags?post=38358"}],"curies":[{"name":"wp","href":"https:\/\/api.w.org\/{rel}","templated":true}]}}