{"id":38359,"date":"2025-03-10T20:45:15","date_gmt":"2025-03-10T20:45:15","guid":{"rendered":"https:\/\/247stiri.ro\/index.php\/2025\/03\/10\/o-cursa-tarom-a-fost-anulata-din-cauza-unui-fazan-pasagerii-au-fost-redirectionati-spre-alte-aeroporturi\/"},"modified":"2025-03-10T20:45:15","modified_gmt":"2025-03-10T20:45:15","slug":"o-cursa-tarom-a-fost-anulata-din-cauza-unui-fazan-pasagerii-au-fost-redirectionati-spre-alte-aeroporturi","status":"publish","type":"post","link":"https:\/\/247stiri.ro\/index.php\/2025\/03\/10\/o-cursa-tarom-a-fost-anulata-din-cauza-unui-fazan-pasagerii-au-fost-redirectionati-spre-alte-aeroporturi\/","title":{"rendered":"O curs\u0103 Tarom a fost anulat\u0103 din cauza unui fazan. Pasagerii au fost redirec\u0163iona\u0163i spre alte aeroporturi"},"content":{"rendered":"<p>Luni, 10 martie, o curs\u0103 aerian\u0103 Tarom pe ruta Bucure\u0219ti &#8211; Satu Mare a fost marcat\u0103 de un incident neobi\u0219nuit care a creat panic\u0103 \u00een r\u00e2ndul pasagerilor. Aeronava care trebuia s\u0103 aterizeze la Satu Mare s-a izbit de un c\u00e2rd de fazani \u00een timpul manevrei de aterizare, iar impactul a provocat o avarie la unul dintre motoare.<\/p>\n<p>Dup\u0103 impact, echipa de tehnicieni a descoperit c\u0103 una dintre elicele avionului era rupt\u0103, ceea ce a dus la imposibilitatea de a continua zborul. Astfel, avionul nu a mai fost autorizat s\u0103 decoleze pentru cursa programat\u0103 la ora 18:00 spre Bucure\u0219ti.<\/p>\n<p><a title=\"A fost intocmit Topul celor mai proaste compaii aeriene in 2024. Pe ce loc se afla Tarom in clasamentul rusinii\" href=\"https:\/\/www.realitatea.net\/stiri\/actual\/a-fost-intocmit-topul-celor-mai-proaste-compaii-aeriene-in-2024-pe-ce-loc-se-afla-tarom-in-clasamentul-rusinii_6754209c58c2ad7ad60a1b76\">A fost \u00eentocmit Topul celor mai proaste compaii aeriene \u00een 2024. Pe ce loc se afl\u0103 Tarom \u00een clasamentul ru\u0219inii<\/a><\/p>\n<p>La bordul aeronavei se aflau 32 de pasageri \u0219i 4 membri ai echipajului. \u00cen urma incidentului, pasagerii care urmau s\u0103 zboare spre Bucure\u0219ti au fost reruta\u021bi spre aeroporturile din Oradea, Cluj sau Baia Mare.<\/p>\n<p>Este important de men\u021bionat c\u0103 avionul fusese deja \u021binut la sol cu dou\u0103 s\u0103pt\u0103m\u00e2ni \u00een urm\u0103 din cauza unor probleme tehnice la motoare.\u00a0\u00a0<\/p>\n<p>Tarom continu\u0103 s\u0103 investigheze incidentul \u0219i lucreaz\u0103 pentru a asigura confortul \u0219i siguran\u021ba pasagerilor s\u0103i \u00een viitor.<\/p>\n<p><a title=\"TAROM nu mai zboara luni catre Germania. Ce optiuni au cei care si-au luat bilete\" href=\"https:\/\/www.realitatea.net\/stiri\/actual\/tarom-nu-mai-zboara-luni-catre-germania-ce-optiuni-au-cei-care-siau-luat-bilete_67cc50576ddff87fe82ab182\">TAROM nu mai zboar\u0103 luni c\u0103tre Germania. Ce op\u021biuni au cei care \u0219i-au luat bilete<\/a><\/p>","protected":false},"excerpt":{"rendered":"<p>Luni, 10 martie, o curs\u0103 aerian\u0103 Tarom pe ruta Bucure\u0219ti &#8211; Satu Mare a fost&hellip;<\/p>\n","protected":false},"author":0,"featured_media":38360,"comment_status":"open","ping_status":"open","sticky":false,"template":"","format":"standard","meta":{"footnotes":""},"categories":[2],"tags":[],"class_list":["post-38359","post","type-post","status-publish","format-standard","has-post-thumbnail","hentry","category-actual"],"_links":{"self":[{"href":"https:\/\/247stiri.ro\/index.php\/wp-json\/wp\/v2\/posts\/38359","targetHints":{"allow":["GET"]}}],"collection":[{"href":"https:\/\/247stiri.ro\/index.php\/wp-json\/wp\/v2\/posts"}],"about":[{"href":"https:\/\/247stiri.ro\/index.php\/wp-json\/wp\/v2\/types\/post"}],"replies":[{"embeddable":true,"href":"https:\/\/247stiri.ro\/index.php\/wp-json\/wp\/v2\/comments?post=38359"}],"version-history":[{"count":0,"href":"https:\/\/247stiri.ro\/index.php\/wp-json\/wp\/v2\/posts\/38359\/revisions"}],"wp:featuredmedia":[{"embeddable":true,"href":"https:\/\/247stiri.ro\/index.php\/wp-json\/wp\/v2\/media\/38360"}],"wp:attachment":[{"href":"https:\/\/247stiri.ro\/index.php\/wp-json\/wp\/v2\/media?parent=38359"}],"wp:term":[{"taxonomy":"category","embeddable":true,"href":"https:\/\/247stiri.ro\/index.php\/wp-json\/wp\/v2\/categories?post=38359"},{"taxonomy":"post_tag","embeddable":true,"href":"https:\/\/247stiri.ro\/index.php\/wp-json\/wp\/v2\/tags?post=38359"}],"curies":[{"name":"wp","href":"https:\/\/api.w.org\/{rel}","templated":true}]}}