{"id":38396,"date":"2025-03-11T05:45:33","date_gmt":"2025-03-11T05:45:33","guid":{"rendered":"https:\/\/247stiri.ro\/index.php\/2025\/03\/11\/primele-retineri-dupa-violentele-instigatorilor-din-centrul-vechi-al-capitalei\/"},"modified":"2025-03-11T05:45:33","modified_gmt":"2025-03-11T05:45:33","slug":"primele-retineri-dupa-violentele-instigatorilor-din-centrul-vechi-al-capitalei","status":"publish","type":"post","link":"https:\/\/247stiri.ro\/index.php\/2025\/03\/11\/primele-retineri-dupa-violentele-instigatorilor-din-centrul-vechi-al-capitalei\/","title":{"rendered":"Primele RE\u021aINERI dup\u0103 violen\u021bele instigatorilor din Centrul Vechi al Capitalei"},"content":{"rendered":"<p>Trei persoane au fost retinute in acest dosar. Din informatiile Realitatea PLUS, ei au fost surprinsi cand au agresat fortele de ordine. Tocmai de aceea s-a si dispus masura retinerii lor pentru 24 de ore.\u00a0<\/p>\n<p>De cealalta parte, in momentul in care au parasit Parchetul, cei 3 au spus ca au fost prezenti la protest, dar ca in cazul lor este vorba despre un abuz, respectiv ca in realitatea nu ei au aruncat cu pietre in jandarmi. Acestia sustin, de asemenea, ca au fost ridicati si audiati doar pentru simpla prezenta la acea manifestatie.\u00a0<\/p>\n<p><a href=\"https:\/\/www.realitatea.net\/stiri\/actual\/politia-romana-primele-concluzii-din-ancheta-protestelor-violente-care-au-avut-loc-duminica-seara-in-centrul-vechi-al-capitalei_67cea52f63bf0d1f4e432c42\" target=\"_blank\">Poli\u021bia Rom\u00e2n\u0103, primele concluzii din ancheta protestelor violente care au avut loc duminic\u0103 sear\u0103, \u00een Centrul Vechi al Capitalei<\/a><\/p>\n<p>Reamintim ca s-a deschis acest dosar penal dupa tot ceea ce s-a intamplat in centrul Capitalei, acolo unde mai multi jandarmi au fost raniti, unii dintre ei fiind dusi la spital.\u00a0<\/p>","protected":false},"excerpt":{"rendered":"<p>Trei persoane au fost retinute in acest dosar. Din informatiile Realitatea PLUS, ei au fost&hellip;<\/p>\n","protected":false},"author":0,"featured_media":38397,"comment_status":"open","ping_status":"open","sticky":false,"template":"","format":"standard","meta":{"footnotes":""},"categories":[2],"tags":[],"class_list":["post-38396","post","type-post","status-publish","format-standard","has-post-thumbnail","hentry","category-actual"],"_links":{"self":[{"href":"https:\/\/247stiri.ro\/index.php\/wp-json\/wp\/v2\/posts\/38396","targetHints":{"allow":["GET"]}}],"collection":[{"href":"https:\/\/247stiri.ro\/index.php\/wp-json\/wp\/v2\/posts"}],"about":[{"href":"https:\/\/247stiri.ro\/index.php\/wp-json\/wp\/v2\/types\/post"}],"replies":[{"embeddable":true,"href":"https:\/\/247stiri.ro\/index.php\/wp-json\/wp\/v2\/comments?post=38396"}],"version-history":[{"count":0,"href":"https:\/\/247stiri.ro\/index.php\/wp-json\/wp\/v2\/posts\/38396\/revisions"}],"wp:featuredmedia":[{"embeddable":true,"href":"https:\/\/247stiri.ro\/index.php\/wp-json\/wp\/v2\/media\/38397"}],"wp:attachment":[{"href":"https:\/\/247stiri.ro\/index.php\/wp-json\/wp\/v2\/media?parent=38396"}],"wp:term":[{"taxonomy":"category","embeddable":true,"href":"https:\/\/247stiri.ro\/index.php\/wp-json\/wp\/v2\/categories?post=38396"},{"taxonomy":"post_tag","embeddable":true,"href":"https:\/\/247stiri.ro\/index.php\/wp-json\/wp\/v2\/tags?post=38396"}],"curies":[{"name":"wp","href":"https:\/\/api.w.org\/{rel}","templated":true}]}}