{"id":38415,"date":"2025-03-11T06:45:46","date_gmt":"2025-03-11T06:45:46","guid":{"rendered":"https:\/\/247stiri.ro\/index.php\/2025\/03\/11\/parlamentul-se-reuneste-in-sedinta-infiintarea-comisiei-speciale-pentru-combaterea-traficului-de-persoane-pe-ordinea-de-zi\/"},"modified":"2025-03-11T06:45:46","modified_gmt":"2025-03-11T06:45:46","slug":"parlamentul-se-reuneste-in-sedinta-infiintarea-comisiei-speciale-pentru-combaterea-traficului-de-persoane-pe-ordinea-de-zi","status":"publish","type":"post","link":"https:\/\/247stiri.ro\/index.php\/2025\/03\/11\/parlamentul-se-reuneste-in-sedinta-infiintarea-comisiei-speciale-pentru-combaterea-traficului-de-persoane-pe-ordinea-de-zi\/","title":{"rendered":"Parlamentul se reune\u0219te \u00een \u0219edin\u021b\u0103. \u00cenfiin\u021barea Comisiei speciale pentru combaterea traficului de persoane, pe ordinea de zi"},"content":{"rendered":"<p>Unul dintre proiectele care se afl\u0103 pe ordinea de zi a plenului comun de mar\u021bi este hot\u0103r\u00e2rea privind \u00eenfiin\u021barea Comisiei speciale comune a Camerei Deputa\u021bilor \u0219i Senatului pentru combaterea traficului de persoane.<\/p>\n<p>Birourile permanente reunite ale Parlamentului au decis, luni, \u00eenfiin\u021barea Comisiei speciale comune a Camerei Deputa\u021bilor \u0219i Senatului pentru combaterea traficului de persoane. Pentru \u00eenfiin\u021barea acestei comisii este necesar \u0219i votul plenului comun, iar \u00een \u0219edin\u021ba de mar\u021bi va fi aprobat\u0103 \u0219i componen\u021ba nominal\u0103 a acesteia.<\/p>\n<p>\u00cenfiin\u021barea comisiei speciale a fost propus\u0103 de pre\u0219edintele Camerei Deputa\u021bilor, Ciprian \u0218erban.<\/p>\n<p>Printre obiectivele comisiei se num\u0103r\u0103: analiza cauzelor \u0219i factorilor structurali \u0219i conjuncturali care favorizeaz\u0103 manifestarea traficului de persoane, inclusiv exploatarea prin munc\u0103, exploatarea sexual\u0103, traficul de minori \u0219i alte forme de abuz, analiza activit\u0103\u021bii institu\u021biilor \u0219i autorit\u0103\u021bilor administra\u021biei publice abilitate la nivel central \u0219i local \u00een prevenirea, identificarea, investigarea \u0219i solu\u021bionarea traficului de persoane, inclusiv a exploat\u0103rii prin munc\u0103 \u0219i a altor forme de trafic de persoane, precum \u0219i evaluarea eficien\u021bei m\u0103surilor implementate, elaborarea unor propuneri legislative \u00een vederea modific\u0103rii legisla\u021biei din domeniu.<\/p>\n<p>Un alt obiectiv este identificarea, evaluarea, promovarea celor mai bune practici, instrumente \u0219i strategii \u00een prevenirea \u0219i combaterea traficului de persoane, inclusiv exploatarea prin munc\u0103 \u0219i alte forme de abuz, precum \u0219i protec\u021bia, sprijinirea \u0219i reintegrarea victimelor acestor practici.<\/p>\n<p>Comisia va fi format\u0103 din 25 de membri, desemna\u021bi de grupurile parlamentare din Camera Deputa\u021bilor \u0219i Senat, potrivit configura\u021biei politice a Parlamentului.<\/p>\n<p>Pentru ca \u0219edin\u021bele comisiei s\u0103 aib\u0103 loc este necesar\u0103 prezen\u021ba a cel pu\u021bin jum\u0103tate plus unu din num\u0103rul membrilor care o compun. Hot\u0103r\u00e2rile se adopt\u0103 cu votul majorit\u0103\u021bii membrilor prezen\u021bi, iar votul este deschis.<\/p>\n<p>&#8222;Institu\u021biile \u0219i autorit\u0103\u021bile administra\u021biei publice a c\u0103ror activitate are leg\u0103tur\u0103 cu obiectivele men\u021bionate, dar \u0219i cu alte aspecte legate de aceste obiective sunt obligate, \u00een condi\u021biile legii, s\u0103 r\u0103spund\u0103 la solicit\u0103rile comisiei, \u00een termenul stabilit de aceasta. Comisia poate invita s\u0103 participe la dezbateri reprezentan\u021bi ai institu\u021biilor\/autorit\u0103\u021bilor publice, ai asocia\u021biilor profesionale, speciali\u0219ti recunoscu\u021bi \u00een domeniul traficului de persoane, precum \u0219i reprezentan\u021bi ai organiza\u021biilor neguvernamentale \u0219i ai organiza\u021biilor interna\u021bionale acreditate, cu experien\u021b\u0103 \u00een prevenirea \u0219i combaterea traficului de persoane. Comisia va colabora str\u00e2ns cu Comisia de munc\u0103, familie \u0219i protec\u021bie social\u0103, precum \u0219i cu alte comisii parlamentare relevante, pentru a aborda aspectele legate de exploatarea prin munc\u0103 \u0219i alte forme de trafic de persoane&#8221;, se arat\u0103 \u00een proiectul de hot\u0103r\u00e2re privind \u00eenfiin\u021barea comisiei speciale.<\/p>\n<p>Comisia va func\u021biona p\u00e2n\u0103 la \u00eencheierea legislaturii 2024 &#8211; 2028, iar semestrial va prezenta Birourilor permanente reunite, la \u00eenceputul fiec\u0103rei sesiuni, un raport asupra activit\u0103\u021bii.\u00a0<\/p>","protected":false},"excerpt":{"rendered":"<p>Unul dintre proiectele care se afl\u0103 pe ordinea de zi a plenului comun de mar\u021bi&hellip;<\/p>\n","protected":false},"author":0,"featured_media":38416,"comment_status":"open","ping_status":"open","sticky":false,"template":"","format":"standard","meta":{"footnotes":""},"categories":[3],"tags":[],"class_list":["post-38415","post","type-post","status-publish","format-standard","has-post-thumbnail","hentry","category-politica"],"_links":{"self":[{"href":"https:\/\/247stiri.ro\/index.php\/wp-json\/wp\/v2\/posts\/38415","targetHints":{"allow":["GET"]}}],"collection":[{"href":"https:\/\/247stiri.ro\/index.php\/wp-json\/wp\/v2\/posts"}],"about":[{"href":"https:\/\/247stiri.ro\/index.php\/wp-json\/wp\/v2\/types\/post"}],"replies":[{"embeddable":true,"href":"https:\/\/247stiri.ro\/index.php\/wp-json\/wp\/v2\/comments?post=38415"}],"version-history":[{"count":0,"href":"https:\/\/247stiri.ro\/index.php\/wp-json\/wp\/v2\/posts\/38415\/revisions"}],"wp:featuredmedia":[{"embeddable":true,"href":"https:\/\/247stiri.ro\/index.php\/wp-json\/wp\/v2\/media\/38416"}],"wp:attachment":[{"href":"https:\/\/247stiri.ro\/index.php\/wp-json\/wp\/v2\/media?parent=38415"}],"wp:term":[{"taxonomy":"category","embeddable":true,"href":"https:\/\/247stiri.ro\/index.php\/wp-json\/wp\/v2\/categories?post=38415"},{"taxonomy":"post_tag","embeddable":true,"href":"https:\/\/247stiri.ro\/index.php\/wp-json\/wp\/v2\/tags?post=38415"}],"curies":[{"name":"wp","href":"https:\/\/api.w.org\/{rel}","templated":true}]}}