{"id":38420,"date":"2025-03-11T06:45:48","date_gmt":"2025-03-11T06:45:48","guid":{"rendered":"https:\/\/247stiri.ro\/index.php\/2025\/03\/11\/contestatia-depusa-la-ccr-impotriva-lui-nicusor-dan-principalele-motive-pentru-care-primarul-general-nu-ar-trebuie-sa-candideze-la-prezidentiale-document\/"},"modified":"2025-03-11T06:45:48","modified_gmt":"2025-03-11T06:45:48","slug":"contestatia-depusa-la-ccr-impotriva-lui-nicusor-dan-principalele-motive-pentru-care-primarul-general-nu-ar-trebuie-sa-candideze-la-prezidentiale-document","status":"publish","type":"post","link":"https:\/\/247stiri.ro\/index.php\/2025\/03\/11\/contestatia-depusa-la-ccr-impotriva-lui-nicusor-dan-principalele-motive-pentru-care-primarul-general-nu-ar-trebuie-sa-candideze-la-prezidentiale-document\/","title":{"rendered":"CONTESTA\u021aIA depus\u0103 la CCR \u00eempotriva lui Nicu\u0219or Dan. Principalele MOTIVE pentru care primarul general NU ar trebuie s\u0103 candideze la preziden\u021biale &#8211; DOCUMENT"},"content":{"rendered":"<p>&#8222;Prima este cea referitoare la activitatea sa din ultimii 5 ani, respectiv aceea c\u0103 &#8211; de-a lungul mandatului s\u0103u de primar general &#8211; \u00een mod sistematic dl. Nicu\u0219or a min\u021bit popula\u021bia. Este o \u00eenc\u0103lcare a unui drept fundamental al tuturor cet\u0103\u021benilor &#8211; dreptul la o informare corect\u0103 din partea autorit\u0103\u021bilor, primarul fiind o autoritate, \u00een sensul \u00een care, la toate conferin\u021bele \u00een care prezenta diferite ac\u021biuni, prezenta informa\u021bii false, eronate.<\/p>\n<p>Din p\u0103cate, presa &#8211; la momentul respectiv &#8211; nu avea instrumetele necesare s\u0103 ridice problemele acestea, dar ele au fost ulterior cercetate \u0219i \u00een contesta\u021bie am depus probe \u00een acest sens, s\u0103 se vad\u0103 c\u0103 domnia sa a min\u021bit cet\u0103\u021benii. Inclusi, \u0219tim foarte bine, prefectul Capitalei l-a acuzat c\u0103 a prezentat informa\u021bii eronate cu privire la Parcul IOR &#8211; povestea privind retrocedarea. Dl Ciucu, de asemenea l-a acuzat public. Exist\u0103 \u00een pres\u0103 informa\u021bii c\u0103 acesta a min\u021bit.\u00a0<\/p>\n<p>Un alt motiv este acela conform c\u0103ruia &#8211; \u00een iunie anul trecut a ap\u0103rut o h\u00e2rtie \u00een spa\u021biul public cu privire la faptul c\u0103 Nicu\u0219or Dan ar fi fost colaborator al Securit\u0103\u021bii. El a dezmin\u021bit, dar eu am solicitat CNSAS s\u0103 confirme sau s\u0103 infirme veridicitatea documentului&#8221;, a declarat Alexandru P\u00e2ni\u0219oar\u0103 pentru Realitatea PLUS.\u00a0<\/p>","protected":false},"excerpt":{"rendered":"<p>&#8222;Prima este cea referitoare la activitatea sa din ultimii 5 ani, respectiv aceea c\u0103 &#8211;&hellip;<\/p>\n","protected":false},"author":0,"featured_media":38412,"comment_status":"open","ping_status":"open","sticky":false,"template":"","format":"standard","meta":{"footnotes":""},"categories":[2],"tags":[],"class_list":["post-38420","post","type-post","status-publish","format-standard","has-post-thumbnail","hentry","category-actual"],"_links":{"self":[{"href":"https:\/\/247stiri.ro\/index.php\/wp-json\/wp\/v2\/posts\/38420","targetHints":{"allow":["GET"]}}],"collection":[{"href":"https:\/\/247stiri.ro\/index.php\/wp-json\/wp\/v2\/posts"}],"about":[{"href":"https:\/\/247stiri.ro\/index.php\/wp-json\/wp\/v2\/types\/post"}],"replies":[{"embeddable":true,"href":"https:\/\/247stiri.ro\/index.php\/wp-json\/wp\/v2\/comments?post=38420"}],"version-history":[{"count":0,"href":"https:\/\/247stiri.ro\/index.php\/wp-json\/wp\/v2\/posts\/38420\/revisions"}],"wp:featuredmedia":[{"embeddable":true,"href":"https:\/\/247stiri.ro\/index.php\/wp-json\/wp\/v2\/media\/38412"}],"wp:attachment":[{"href":"https:\/\/247stiri.ro\/index.php\/wp-json\/wp\/v2\/media?parent=38420"}],"wp:term":[{"taxonomy":"category","embeddable":true,"href":"https:\/\/247stiri.ro\/index.php\/wp-json\/wp\/v2\/categories?post=38420"},{"taxonomy":"post_tag","embeddable":true,"href":"https:\/\/247stiri.ro\/index.php\/wp-json\/wp\/v2\/tags?post=38420"}],"curies":[{"name":"wp","href":"https:\/\/api.w.org\/{rel}","templated":true}]}}