{"id":38421,"date":"2025-03-11T06:45:49","date_gmt":"2025-03-11T06:45:49","guid":{"rendered":"https:\/\/247stiri.ro\/index.php\/2025\/03\/11\/george-simion-demasca-procurorul-activat-la-ordin-de-statul-paralel-unealta-politica-a-sistemului-loveste-din-nou-in-aur\/"},"modified":"2025-03-11T06:45:49","modified_gmt":"2025-03-11T06:45:49","slug":"george-simion-demasca-procurorul-activat-la-ordin-de-statul-paralel-unealta-politica-a-sistemului-loveste-din-nou-in-aur","status":"publish","type":"post","link":"https:\/\/247stiri.ro\/index.php\/2025\/03\/11\/george-simion-demasca-procurorul-activat-la-ordin-de-statul-paralel-unealta-politica-a-sistemului-loveste-din-nou-in-aur\/","title":{"rendered":"George Simion demasc\u0103 procurorul activat la ordin de statul paralel. \u201dUnealta politic\u0103 a Sistemului, love\u0219te din nou \u00een AUR\u201d"},"content":{"rendered":"<p>Este evident c\u0103 sistemul corupt, condus de marionetele Marcel Ciolacu, Ilie Bolojan, C\u0103t\u0103lin Predoiu \u0219i restul camarilei corupte din PSD-PNL-UDMR, folose\u0219te institu\u021biile statului pentru a suprima opozi\u021bia real\u0103 \u0219i vocea reg\u0103sit\u0103 prin vot a poporului rom\u00e2n. Dup\u0103 eliminarea discre\u021bionar\u0103 a candidaturii lui C\u0103lin Georgescu, acum se \u00eencearc\u0103 scoaterea din joc a tuturor celor care \u00eencearc\u0103 s\u0103 le ofere rom\u00e2nilor o alternativ\u0103 la comunismul cu fa\u021b\u0103 uman\u0103 instaurat de PSD dup\u0103 1989.<\/p>\n<p>Procurorul Rare\u0219 Petru Stan s-a transformat, la ordinele st\u0103p\u00e2nilor, \u00eentr-un instrument al poli\u021biei politice, execut\u00e2nd nu doar comenzile venite de la v\u00e2rful PSD \u0219i PNL, ci \u0219i pe cele \u0219optite din holurile \u00eentunecate ale ambasadelor str\u0103ine. Doar nu degeaba se agit\u0103 Macron \u00een ceea ce prive\u0219te soarta \u021b\u0103rii noastre, organiz\u00e2nd inclusiv \u00eent\u00e2lniri acum c\u00e2teva zile \u00eentre ambasadorul Fran\u021bei \u0219i Marian Enache, \u0219eful CCR \u0219i principal responsabil pentru anularea alegerilor din decembrie.<\/p>\n<p>Ac\u021biunile domnului procuror nu mai au nicio leg\u0103tura cu justi\u021bia sau cu respectarea legii, ci sunt menite s\u0103 intimideze \u0219i s\u0103 discrediteze AUR, singurul partid care se opune ferm dictaturii politice instaurate de actuala guvernare. \u00cel \u00een\u021belegem pe domnul Procuror Rare\u0219 Bogdan \u0219i suntem convin\u0219i c\u0103 el este un om de bun\u0103 credin\u021b\u0103. A\u0219a sunt ale\u0219i to\u021bi cei care sunt folosi\u021bi de sistemul corupt.<\/p>\n<p>Este inadmisibil ca, \u00een anul 2025, \u00eentr-o \u021bar\u0103 care se presupune a fi democratic\u0103 \u0219i membr\u0103 a Uniunii Europene, s\u0103 asist\u0103m la astfel de practici staliniste. Institu\u021biile statului sunt folosite pentru a \u00een\u0103bu\u0219i orice form\u0103 de opozi\u021bie, iar procurori precum Rare\u0219 Petru Stan sunt ale\u0219i pentru profesionalismul lor \u0219i apoi le este \u0219optit c\u0103 \u201cavem \u00eencredere \u00een dumneavoastr\u0103 c\u0103 ve\u021bi face totul pentru a ap\u0103ra valorile democratice\u201d. \u00cen Rom\u00e2nia, ajung s\u0103 te abuzeze nevinovat, oameni care cred c\u0103 \u00ee\u0219i servesc patria.<\/p>\n<p>AUR nu se va l\u0103sa intimidat de aceste manevre murdare. Vom continua s\u0103 lupt\u0103m pentru drepturile \u0219i libert\u0103\u021bile rom\u00e2nilor, pentru suveranitate \u0219i independen\u021ba \u021b\u0103rii noastre. Cerem ca acest procuror s\u0103 \u00ee\u0219i demonstreze competen\u021bele \u0219i dragostea de patrie anchet\u00e2ndu-i pe cei care se fac cu adev\u0103rat vinova\u021bi de incidentele din data de 9 martie \u0219i tragerea la r\u0103spundere a tuturor celor care folosesc justi\u021bia \u00een scopuri politice.<\/p>\n<p>Rom\u00e2nia nu trebuie s\u0103 revin\u0103 la practicile \u00eentunecate ale poli\u021biei politice. Este timpul ca poporul s\u0103 se trezeasc\u0103 \u0219i s\u0103 sanc\u021bioneze abuzurile unei guvern\u0103ri corupte \u0219i ilegitime.<\/p>\n<p>\u00a0<\/p>","protected":false},"excerpt":{"rendered":"<p>Este evident c\u0103 sistemul corupt, condus de marionetele Marcel Ciolacu, Ilie Bolojan, C\u0103t\u0103lin Predoiu \u0219i&hellip;<\/p>\n","protected":false},"author":0,"featured_media":38414,"comment_status":"open","ping_status":"open","sticky":false,"template":"","format":"standard","meta":{"footnotes":""},"categories":[2],"tags":[],"class_list":["post-38421","post","type-post","status-publish","format-standard","has-post-thumbnail","hentry","category-actual"],"_links":{"self":[{"href":"https:\/\/247stiri.ro\/index.php\/wp-json\/wp\/v2\/posts\/38421","targetHints":{"allow":["GET"]}}],"collection":[{"href":"https:\/\/247stiri.ro\/index.php\/wp-json\/wp\/v2\/posts"}],"about":[{"href":"https:\/\/247stiri.ro\/index.php\/wp-json\/wp\/v2\/types\/post"}],"replies":[{"embeddable":true,"href":"https:\/\/247stiri.ro\/index.php\/wp-json\/wp\/v2\/comments?post=38421"}],"version-history":[{"count":0,"href":"https:\/\/247stiri.ro\/index.php\/wp-json\/wp\/v2\/posts\/38421\/revisions"}],"wp:featuredmedia":[{"embeddable":true,"href":"https:\/\/247stiri.ro\/index.php\/wp-json\/wp\/v2\/media\/38414"}],"wp:attachment":[{"href":"https:\/\/247stiri.ro\/index.php\/wp-json\/wp\/v2\/media?parent=38421"}],"wp:term":[{"taxonomy":"category","embeddable":true,"href":"https:\/\/247stiri.ro\/index.php\/wp-json\/wp\/v2\/categories?post=38421"},{"taxonomy":"post_tag","embeddable":true,"href":"https:\/\/247stiri.ro\/index.php\/wp-json\/wp\/v2\/tags?post=38421"}],"curies":[{"name":"wp","href":"https:\/\/api.w.org\/{rel}","templated":true}]}}