{"id":38432,"date":"2025-03-11T07:45:07","date_gmt":"2025-03-11T07:45:07","guid":{"rendered":"https:\/\/247stiri.ro\/index.php\/2025\/03\/11\/numaratoare-inversa-a-inceput-cheltuielile-deplasarilor-de-lux-ale-lui-iohannis-facute-publice-in-cateva-zile-bolojan-e-o-chestiune-de-respect-fata-de-oameni\/"},"modified":"2025-03-11T07:45:07","modified_gmt":"2025-03-11T07:45:07","slug":"numaratoare-inversa-a-inceput-cheltuielile-deplasarilor-de-lux-ale-lui-iohannis-facute-publice-in-cateva-zile-bolojan-e-o-chestiune-de-respect-fata-de-oameni","status":"publish","type":"post","link":"https:\/\/247stiri.ro\/index.php\/2025\/03\/11\/numaratoare-inversa-a-inceput-cheltuielile-deplasarilor-de-lux-ale-lui-iohannis-facute-publice-in-cateva-zile-bolojan-e-o-chestiune-de-respect-fata-de-oameni\/","title":{"rendered":"Num\u0103r\u0103toare invers\u0103 a \u00eenceput! Cheltuielile deplas\u0103rilor de lux ale lui Iohannis, f\u0103cute publice \u00een c\u00e2teva zile. Bolojan: E o chestiune de respect fa\u021b\u0103 de oameni"},"content":{"rendered":"<p>Pre\u0219edintele interimar Ilie Bolojan spune c\u0103 \u00een doar c\u00e2teva zile vor fi f\u0103cute publice cheltuielile de deplasare ale fostului pre\u0219edinte <a href=\"https:\/\/www.realitatea.net\/stiri\/politica\/imagini-uluitoare-cu-avionul-de-lux-cu-care-klaus-iohannis-a-zburat-in-coreea-presedintele-a-beneficiat-de-un-zbor-direct-sibiuseul-foto_6626020ef0a80d41542f7aed\" target=\"_blank\">Klaus Iohannis<\/a>.<\/p>\n<p>Datele vor fi f\u0103cute publice chiar de echipele de contabilitate ale Administra\u021biei Preziden\u021biale.<\/p>\n<p>\u201eCred c\u0103 e o chestiune fa\u021b\u0103 de respect fa\u021b\u0103 de oameni, dar nu ca s\u0103 faci chestiuni populiste. Periodic toate cheltuielile Pre\u0219edin\u021biei vor fi f\u0103cute publice, pentru a nu mai exista discu\u021bii. Cred c\u0103 deschiderea Palatului Cotroceni pentru oameni, acces \u00een curte, la biserica de la Palatul Cotroceni, mi se pare o chestiune de respect fa\u021b\u0103 de oameni\u201d, a declarat Bolojan la un post TV.<\/p>\n<p>Nu este prima dat\u0103 c\u00e2nd Bolojan abordeaz\u0103 acest subiect.\u00cen prima sa conferin\u021b\u0103 de pres\u0103 ca pre\u0219edinte interimar, acesta a sus\u021binut c\u0103 \u00een cur\u00e2nd va publica cheltuielile Administra\u021biei Preziden\u021biale, inclusiv cele din timpul mandatului lui Iohannis.<\/p>","protected":false},"excerpt":{"rendered":"<p>Pre\u0219edintele interimar Ilie Bolojan spune c\u0103 \u00een doar c\u00e2teva zile vor fi f\u0103cute publice cheltuielile&hellip;<\/p>\n","protected":false},"author":0,"featured_media":38433,"comment_status":"open","ping_status":"open","sticky":false,"template":"","format":"standard","meta":{"footnotes":""},"categories":[3],"tags":[],"class_list":["post-38432","post","type-post","status-publish","format-standard","has-post-thumbnail","hentry","category-politica"],"_links":{"self":[{"href":"https:\/\/247stiri.ro\/index.php\/wp-json\/wp\/v2\/posts\/38432","targetHints":{"allow":["GET"]}}],"collection":[{"href":"https:\/\/247stiri.ro\/index.php\/wp-json\/wp\/v2\/posts"}],"about":[{"href":"https:\/\/247stiri.ro\/index.php\/wp-json\/wp\/v2\/types\/post"}],"replies":[{"embeddable":true,"href":"https:\/\/247stiri.ro\/index.php\/wp-json\/wp\/v2\/comments?post=38432"}],"version-history":[{"count":0,"href":"https:\/\/247stiri.ro\/index.php\/wp-json\/wp\/v2\/posts\/38432\/revisions"}],"wp:featuredmedia":[{"embeddable":true,"href":"https:\/\/247stiri.ro\/index.php\/wp-json\/wp\/v2\/media\/38433"}],"wp:attachment":[{"href":"https:\/\/247stiri.ro\/index.php\/wp-json\/wp\/v2\/media?parent=38432"}],"wp:term":[{"taxonomy":"category","embeddable":true,"href":"https:\/\/247stiri.ro\/index.php\/wp-json\/wp\/v2\/categories?post=38432"},{"taxonomy":"post_tag","embeddable":true,"href":"https:\/\/247stiri.ro\/index.php\/wp-json\/wp\/v2\/tags?post=38432"}],"curies":[{"name":"wp","href":"https:\/\/api.w.org\/{rel}","templated":true}]}}