{"id":38440,"date":"2025-03-11T07:45:10","date_gmt":"2025-03-11T07:45:10","guid":{"rendered":"https:\/\/247stiri.ro\/index.php\/2025\/03\/11\/femeia-suspectata-de-furtul-tezaurului-dacic-de-la-cotofenesti-a-fost-eliberata\/"},"modified":"2025-03-11T07:45:10","modified_gmt":"2025-03-11T07:45:10","slug":"femeia-suspectata-de-furtul-tezaurului-dacic-de-la-cotofenesti-a-fost-eliberata","status":"publish","type":"post","link":"https:\/\/247stiri.ro\/index.php\/2025\/03\/11\/femeia-suspectata-de-furtul-tezaurului-dacic-de-la-cotofenesti-a-fost-eliberata\/","title":{"rendered":"Femeia suspectat\u0103 de furtul tezaurului dacic de la Co\u021bofene\u0219ti a fost eliberat\u0103"},"content":{"rendered":"<p>Ea a fost arestat\u0103 la c\u00e2teva zile dup\u0103 jaf, \u00eempreun\u0103 cu al\u0163i doi b\u0103rba\u0163i din acea localitate. Ulterior, poli\u0163ia a arestat un al patrulea suspect.<\/p>\n<p>Faptul c\u0103 femeii i se permite s\u0103 a\u015ftepte ancheta \u00een libertate poate indica faptul c\u0103 implicarea sa \u00een jaf este mai mic\u0103. Parchetul nu face nicio declara\u0163ie \u00een acest sens. \u201eNoi, ca Parchet, nu vedem motive suficiente pentru a o men\u0163ine \u00een arest mai mult timp\u201d, a declarat un purt\u0103tor de cuv\u00e2nt.\u00cen timp ce femeia poate a\u015ftepta ancheta \u00een libertate, trei suspec\u0163i sunt \u00eenc\u0103 \u00een arest. Ace\u015ftia au 26, 34 \u015fi 36 de ani \u015fi sunt din Heerhugowaard. Ei trebuie s\u0103 se prezinte la tribunal vineri, 9 mai, pentru o prim\u0103 audiere public\u0103.<\/p>\n<p>\u00cen timpul acestei audieri se va afla dac\u0103 cei trei b\u0103rba\u0163i suspec\u0163i vor r\u0103m\u00e2ne \u00een arest pentru mai mult timp. \u201eCu excep\u0163ia cazului \u00een care vom constata mai devreme c\u0103 unul dintre cei trei ar trebui eliberat\u201d, potrivit Ministerului Public. Cei trei se afl\u0103 \u00een arest restric\u0163ionat, ceea ce \u00eenseamn\u0103 c\u0103 nu au voie s\u0103 aib\u0103 niciun contact cu lumea exterioar\u0103.<\/p>","protected":false},"excerpt":{"rendered":"<p>Ea a fost arestat\u0103 la c\u00e2teva zile dup\u0103 jaf, \u00eempreun\u0103 cu al\u0163i doi b\u0103rba\u0163i din&hellip;<\/p>\n","protected":false},"author":0,"featured_media":38431,"comment_status":"open","ping_status":"open","sticky":false,"template":"","format":"standard","meta":{"footnotes":""},"categories":[2],"tags":[],"class_list":["post-38440","post","type-post","status-publish","format-standard","has-post-thumbnail","hentry","category-actual"],"_links":{"self":[{"href":"https:\/\/247stiri.ro\/index.php\/wp-json\/wp\/v2\/posts\/38440","targetHints":{"allow":["GET"]}}],"collection":[{"href":"https:\/\/247stiri.ro\/index.php\/wp-json\/wp\/v2\/posts"}],"about":[{"href":"https:\/\/247stiri.ro\/index.php\/wp-json\/wp\/v2\/types\/post"}],"replies":[{"embeddable":true,"href":"https:\/\/247stiri.ro\/index.php\/wp-json\/wp\/v2\/comments?post=38440"}],"version-history":[{"count":0,"href":"https:\/\/247stiri.ro\/index.php\/wp-json\/wp\/v2\/posts\/38440\/revisions"}],"wp:featuredmedia":[{"embeddable":true,"href":"https:\/\/247stiri.ro\/index.php\/wp-json\/wp\/v2\/media\/38431"}],"wp:attachment":[{"href":"https:\/\/247stiri.ro\/index.php\/wp-json\/wp\/v2\/media?parent=38440"}],"wp:term":[{"taxonomy":"category","embeddable":true,"href":"https:\/\/247stiri.ro\/index.php\/wp-json\/wp\/v2\/categories?post=38440"},{"taxonomy":"post_tag","embeddable":true,"href":"https:\/\/247stiri.ro\/index.php\/wp-json\/wp\/v2\/tags?post=38440"}],"curies":[{"name":"wp","href":"https:\/\/api.w.org\/{rel}","templated":true}]}}