{"id":38451,"date":"2025-03-11T08:45:31","date_gmt":"2025-03-11T08:45:31","guid":{"rendered":"https:\/\/247stiri.ro\/index.php\/2025\/03\/11\/gheorghe-hagi-va-fi-decorat-de-presedintele-interimar-ilie-bolojan-cu-ordinul-national-steaua-romaniei-in-grad-de-cavaler-cea-mai-inalta-distinctie-a-statului-roman\/"},"modified":"2025-03-11T08:45:31","modified_gmt":"2025-03-11T08:45:31","slug":"gheorghe-hagi-va-fi-decorat-de-presedintele-interimar-ilie-bolojan-cu-ordinul-national-steaua-romaniei-in-grad-de-cavaler-cea-mai-inalta-distinctie-a-statului-roman","status":"publish","type":"post","link":"https:\/\/247stiri.ro\/index.php\/2025\/03\/11\/gheorghe-hagi-va-fi-decorat-de-presedintele-interimar-ilie-bolojan-cu-ordinul-national-steaua-romaniei-in-grad-de-cavaler-cea-mai-inalta-distinctie-a-statului-roman\/","title":{"rendered":"Gheorghe Hagi va fi decorat de pre\u015fedintele interimar Ilie Bolojan cu Ordinul Na\u0163ional \u201eSteaua Rom\u00e2niei\u201d \u00een grad de Cavaler, cea mai \u00eenalt\u0103 distinc\u0163ie a statului rom\u00e2n"},"content":{"rendered":"<p>Potrivit Adrministra\u0163iei Preziden\u0163iale, pre\u015fedintele interimar al Rom\u00e2niei, Ilie Bolojan, a semnat decretul de decorare a lui Gheorghe Hagi cu cea mai \u00eenalt\u0103 distinc\u0163ie a statului rom\u00e2n, Ordinul Na\u0163ional \u201eSteaua Rom\u00e2niei\u201d \u00een grad de Cavaler, \u00een semn de recunoa\u015ftere \u015fi apreciere pentru \u00eentreaga sa carier\u0103 sportiv\u0103, precum \u015fi pentru implicarea activ\u0103 \u00een popularizarea fotbalului \u00een r\u00e2ndul tinerelor genera\u0163ii.<\/p>\n<p>\u201ePrin performan\u0163ele remarcabile ob\u0163inute de-a lungul timpului cu echipa na\u0163ional\u0103 de fotbal, dar \u015fi \u00een cadrul cluburilor interna\u0163ionale de prestigiu, prin devotamentul \u015fi profesionalismul puse \u00een slujba promov\u0103rii sportului rom\u00e2nesc \u015fi a imaginii Rom\u00e2niei \u00een lume, precum \u015fi prin promovarea excelen\u0163ei sportive, Gheorghe Hagi este un model de urmat \u015fi o surs\u0103 de inspira\u0163ie pentru toate genera\u0163iile\u201d, precizeaz\u0103 Administra\u0163ia Preziden\u0163ial\u0103.<\/p>\n<p>Ceremonia de decorare va avea loc miercuri, 12 martie 2025, ora 12:00, la Palatul Cotroceni.<\/p>","protected":false},"excerpt":{"rendered":"<p>Potrivit Adrministra\u0163iei Preziden\u0163iale, pre\u015fedintele interimar al Rom\u00e2niei, Ilie Bolojan, a semnat decretul de decorare a&hellip;<\/p>\n","protected":false},"author":0,"featured_media":38446,"comment_status":"open","ping_status":"open","sticky":false,"template":"","format":"standard","meta":{"footnotes":""},"categories":[2],"tags":[],"class_list":["post-38451","post","type-post","status-publish","format-standard","has-post-thumbnail","hentry","category-actual"],"_links":{"self":[{"href":"https:\/\/247stiri.ro\/index.php\/wp-json\/wp\/v2\/posts\/38451","targetHints":{"allow":["GET"]}}],"collection":[{"href":"https:\/\/247stiri.ro\/index.php\/wp-json\/wp\/v2\/posts"}],"about":[{"href":"https:\/\/247stiri.ro\/index.php\/wp-json\/wp\/v2\/types\/post"}],"replies":[{"embeddable":true,"href":"https:\/\/247stiri.ro\/index.php\/wp-json\/wp\/v2\/comments?post=38451"}],"version-history":[{"count":0,"href":"https:\/\/247stiri.ro\/index.php\/wp-json\/wp\/v2\/posts\/38451\/revisions"}],"wp:featuredmedia":[{"embeddable":true,"href":"https:\/\/247stiri.ro\/index.php\/wp-json\/wp\/v2\/media\/38446"}],"wp:attachment":[{"href":"https:\/\/247stiri.ro\/index.php\/wp-json\/wp\/v2\/media?parent=38451"}],"wp:term":[{"taxonomy":"category","embeddable":true,"href":"https:\/\/247stiri.ro\/index.php\/wp-json\/wp\/v2\/categories?post=38451"},{"taxonomy":"post_tag","embeddable":true,"href":"https:\/\/247stiri.ro\/index.php\/wp-json\/wp\/v2\/tags?post=38451"}],"curies":[{"name":"wp","href":"https:\/\/api.w.org\/{rel}","templated":true}]}}