{"id":38454,"date":"2025-03-11T08:45:32","date_gmt":"2025-03-11T08:45:32","guid":{"rendered":"https:\/\/247stiri.ro\/index.php\/2025\/03\/11\/anunt-crucial-de-la-ccr-inca-o-contestatie-depusa-impotriva-bec-dupa-ce-au-respins-candidatura-lui-calin-georgescu\/"},"modified":"2025-03-11T08:45:32","modified_gmt":"2025-03-11T08:45:32","slug":"anunt-crucial-de-la-ccr-inca-o-contestatie-depusa-impotriva-bec-dupa-ce-au-respins-candidatura-lui-calin-georgescu","status":"publish","type":"post","link":"https:\/\/247stiri.ro\/index.php\/2025\/03\/11\/anunt-crucial-de-la-ccr-inca-o-contestatie-depusa-impotriva-bec-dupa-ce-au-respins-candidatura-lui-calin-georgescu\/","title":{"rendered":"Anun\u021b CRUCIAL de la CCR: \u00eenc\u0103 o contesta\u021bie depus\u0103 \u00eempotriva BEC, dup\u0103 ce au respins candidatura lui C\u0103lin Georgescu"},"content":{"rendered":"<p>\u00cen urm\u0103 cu foarte scurt timp CCR a f\u0103cut acest anun\u021b. Este depus\u0103 o nou\u0103 contesta\u021bie la CCR, care vizeaz\u0103 decizia BEC de a nu-i permite lui C\u0103lin Georgescu la preziden\u021biale. \u0218i aceast\u0103 contesta\u021bie se va al\u0103tura celorlalte depuse p\u00e2n\u0103 acum, iar p\u00e2n\u0103 la ora 14 este termen limit\u0103 pentru depunerea tuturor documentelor ce vizeaz\u0103 aceste sesiz\u0103ri, iar la ora 17 va avea loc \u0219edin\u021ba crucial\u0103 care stabili definitiv dac\u0103 i se permite sau nu lui C\u0103lin Georgescu \u00een cursa pentru Cotroceni stabilit\u0103 pentru luna mai.<\/p>\n<p>\u00a0<\/p>\n<p>\u201eAst\u0103zi, 10 martie 2025, a fost \u00eenregistrat\u0103 la Curtea Constitu\u021bional\u0103 contesta\u021bia formulat\u0103 de domnul C.M.V.D. \u00eempotriva Deciziei Biroului Electoral Central nr.18D\/9.03.2025 privind ne\u00eenregistrarea candidaturii independente a domnului GEORGESCU C\u0103lin \u0219i a semnului electoral la alegerile pentru Pre\u0219edintele Rom\u00e2niei din anul 2025.<\/p>\n<p>Contesta\u021bia formeaz\u0103 obiectul Dosarului Cur\u021bii Constitu\u021bionale nr.929F\/2025, iar con\u021binutul ei poate fi accesat aici.<\/p>\n<p>Cauza se solu\u021bioneaz\u0103 pe baza sesiz\u0103rii \u015fi a celorlalte documente depuse la dosar p\u00e2n\u0103 la data de 11 martie 2025, ora 14.\u201d, se arat\u0103 \u00een textul contesta\u021biei.<\/p>","protected":false},"excerpt":{"rendered":"<p>\u00cen urm\u0103 cu foarte scurt timp CCR a f\u0103cut acest anun\u021b. Este depus\u0103 o nou\u0103&hellip;<\/p>\n","protected":false},"author":0,"featured_media":38448,"comment_status":"open","ping_status":"open","sticky":false,"template":"","format":"standard","meta":{"footnotes":""},"categories":[2],"tags":[],"class_list":["post-38454","post","type-post","status-publish","format-standard","has-post-thumbnail","hentry","category-actual"],"_links":{"self":[{"href":"https:\/\/247stiri.ro\/index.php\/wp-json\/wp\/v2\/posts\/38454","targetHints":{"allow":["GET"]}}],"collection":[{"href":"https:\/\/247stiri.ro\/index.php\/wp-json\/wp\/v2\/posts"}],"about":[{"href":"https:\/\/247stiri.ro\/index.php\/wp-json\/wp\/v2\/types\/post"}],"replies":[{"embeddable":true,"href":"https:\/\/247stiri.ro\/index.php\/wp-json\/wp\/v2\/comments?post=38454"}],"version-history":[{"count":0,"href":"https:\/\/247stiri.ro\/index.php\/wp-json\/wp\/v2\/posts\/38454\/revisions"}],"wp:featuredmedia":[{"embeddable":true,"href":"https:\/\/247stiri.ro\/index.php\/wp-json\/wp\/v2\/media\/38448"}],"wp:attachment":[{"href":"https:\/\/247stiri.ro\/index.php\/wp-json\/wp\/v2\/media?parent=38454"}],"wp:term":[{"taxonomy":"category","embeddable":true,"href":"https:\/\/247stiri.ro\/index.php\/wp-json\/wp\/v2\/categories?post=38454"},{"taxonomy":"post_tag","embeddable":true,"href":"https:\/\/247stiri.ro\/index.php\/wp-json\/wp\/v2\/tags?post=38454"}],"curies":[{"name":"wp","href":"https:\/\/api.w.org\/{rel}","templated":true}]}}