{"id":38458,"date":"2025-03-11T08:45:33","date_gmt":"2025-03-11T08:45:33","guid":{"rendered":"https:\/\/247stiri.ro\/index.php\/2025\/03\/11\/incercare-disperata-de-intimidare-la-adresa-televiziunii-poporului-atac-fara-precedent-procurorul-sorosit-ar-vrea-sa-o-citeze-pe-anca-alexandrescu-la-parchet-sunt-pregatita-cu-demnitate-cu-frun\/"},"modified":"2025-03-11T08:45:33","modified_gmt":"2025-03-11T08:45:33","slug":"incercare-disperata-de-intimidare-la-adresa-televiziunii-poporului-atac-fara-precedent-procurorul-sorosit-ar-vrea-sa-o-citeze-pe-anca-alexandrescu-la-parchet-sunt-pregatita-cu-demnitate-cu-frun","status":"publish","type":"post","link":"https:\/\/247stiri.ro\/index.php\/2025\/03\/11\/incercare-disperata-de-intimidare-la-adresa-televiziunii-poporului-atac-fara-precedent-procurorul-sorosit-ar-vrea-sa-o-citeze-pe-anca-alexandrescu-la-parchet-sunt-pregatita-cu-demnitate-cu-frun\/","title":{"rendered":"\u00cencercare disperat\u0103 de intimidare la adresa televiziunii poporului, atac f\u0103r\u0103 precedent: procurorul soro\u0219it ar vrea s\u0103 o citeze pe Anca Alexandrescu la Parchet &#8211; &#8222;Sunt preg\u0103tit\u0103 cu demnitate, cu fruntea sus&#8221;"},"content":{"rendered":"<p>\u00cen acest moment, sunt vehiculate o serie de informa\u021bii \u0219ocante \u00een spa\u021biul public care o vizeaz\u0103 pe Anca Alexandrescu, realizatoarea emisiunii Culisele Statului Paralel, conform c\u0103rora ar urma s\u0103 fie citat\u0103 la Parchet de Marius Iacob, cunoscut drept procurorul \u201dElodia\u201d, \u00een dosarul lui C\u0103lin Georgescu, urm\u00e2nd s\u0103 i se impun\u0103 o interdic\u021bie de a ap\u0103rea la TV \u0219i de a posta pe re\u021belele de socializare timp de 90 de zile.\u00a0<\/p>\n\n<p>\u201dAm primit aceast\u0103 informa\u021bie \u00eenc\u0103 de ieri, prin mai multe surse, c\u0103 ar urma chiar ast\u0103zi sau s\u0103pt\u0103m\u00e2na viitoare s\u0103 fiu citat\u0103 la Parchet. Nu \u0219tiu pentru ce motiv, dar se pare c\u0103 \u00een acel dosar al lui C\u0103lin Georgescu care a fost f\u0103cut \u00een baza afirma\u021biilor din emisiunea mea. Am v\u0103zut c\u0103 au ap\u0103rut informa\u021bii, chiar pe re\u021belele de socializare, c\u0103 ar urma s\u0103 mi se interzic\u0103 dreptul de a realiza emisiuni \u0219i de a posta pe re\u021belele de socializare timp de 90 de zile. Mie \u00eemi vine s\u0103 r\u00e2d, v\u0103 da\u021bi seama, pentru c\u0103 asta ar \u00eensemna s\u0103 ne \u00eentoarecm \u00een anii 50, dac\u0103 e\u0219ti pedepsit pentru opinie. Eu nu cred c\u0103 se va \u00eent\u00e2mpla a\u0219a ceva, dar m\u0103 a\u0219tept la orice.\u00a0Am contactat deja \u0219i un avocat de asear\u0103, pentru c\u0103 deja \u00eemi veniser\u0103 pe foarte multe canale, c\u0103 ast\u0103zi ar urma s\u0103 fiu citat\u0103. \u00cen cutia po\u0219tal\u0103 \u00eenc\u0103 nu am nicio cita\u021bie, nu m-a sunat \u00eenc\u0103 nimeni. A\u0219tept cu ner\u0103bdare s\u0103 v\u0103d dac\u0103 \u00eentr-adev\u0103r statul paralel dore\u0219te \u00een acest moment s\u0103 se r\u0103zbune pe mine, dar cred c\u0103 este o \u00eencercare de intimidare, de a m\u0103 speria.\u00a0<\/p>\n<p>Probabil c\u0103, a\u0219a cum \u0219i doamna Lasconi m-a prezentat \u00een ultima perioad\u0103 ca posibil candidat \u00een locul domnului C\u0103lin Georgescu, dac\u0103 vor reu\u0219i s\u0103 \u00eel interzic\u0103 definitiv, probabil c\u0103 ce am f\u0103cut \u00een ultimele trei luni a deranjat cumplit de tare \u0219i \u00eencearc\u0103 s\u0103 m\u0103 intimideze.\u00a0<\/p>\n<p>Am vorbit \u0219i cu familia mea \u0219i cu copiii mei, to\u021bi suntem preg\u0103ti\u021bi \u0219i pentru aceast\u0103 m\u00e2r\u0219\u0103vie, dac\u0103 statul rom\u00e2n este capabil s\u0103 fac\u0103 a\u0219a ceva. Sunt preg\u0103tit\u0103, cu demnitate, cu fruntea sus, nu m\u0103 las\u0103 genunchii \u0219i spun \u00eenc\u0103 o dat\u0103 c\u0103 voi merge p\u00e2n\u0103 la cap\u0103t pe acest drum indiferent ce va \u00eensemna el. Nu sunt speriat\u0103, nu m\u0103 opresc \u0219i nu vor intimida cu asemenea mizerii.\u00a0<\/p>\n<p>Care acuza\u021bii? C\u0103 nu \u00een\u021beleg cu ce am gre\u0219it! Faptul c\u0103 am informat corect publicul, pentru c\u0103 asta s-a \u00eent\u00e2mplat. Dac\u0103 cineva face o analiz\u0103 corect\u0103 nu ceea ce face CNA-ul, am ar\u0103tat doar adev\u0103rul spre deosebire de celelalte televiziuni, motiv pentru care am fost scanc\u021bionat\u0103 cu ni\u0219te sanc\u021biuni uria\u0219e pentru c\u0103 mi-am permis s\u0103 ar\u0103t adev\u0103rul.<\/p>\n<p>Sunt convins\u0103 c\u0103 \u00eenc\u0103 mai exist\u0103 oameni cu capul pe umeri \u00een statul rom\u00e2n \u0219i c\u0103 nu vor permite o asemenea \u00eenc\u0103lcare a drepturilor omului. V\u0103 da\u021bi seama c\u0103 ar exploda \u00eentreaga lume interna\u021bional\u0103. Oric\u00e2t de mult m-ar ur\u00e2, asocia\u021biile de pres\u0103, chiar \u0219i soro\u0219i\u0219tii nu cred c\u0103 \u0219i-ar permite, ar fi ultima pic\u0103tur\u0103 pe care ar turna-o pe corpul poporului rom\u00e2n. Nu pentru c\u0103 sunt eu o persoan\u0103 important\u0103, ci pentru c\u0103 este vorba despre un drept c\u00e2\u0219tigat \u00een urm\u0103 cu 35 de ani, acela de a vorbi liber \u0219i de a spune adev\u0103rul\u201d, a spus Anca Alexandrescu, \u00eentr-o interven\u021bie la Realitatea PLUS.<\/p>","protected":false},"excerpt":{"rendered":"<p>\u00cen acest moment, sunt vehiculate o serie de informa\u021bii \u0219ocante \u00een spa\u021biul public care o&hellip;<\/p>\n","protected":false},"author":0,"featured_media":38450,"comment_status":"open","ping_status":"open","sticky":false,"template":"","format":"standard","meta":{"footnotes":""},"categories":[2],"tags":[],"class_list":["post-38458","post","type-post","status-publish","format-standard","has-post-thumbnail","hentry","category-actual"],"_links":{"self":[{"href":"https:\/\/247stiri.ro\/index.php\/wp-json\/wp\/v2\/posts\/38458","targetHints":{"allow":["GET"]}}],"collection":[{"href":"https:\/\/247stiri.ro\/index.php\/wp-json\/wp\/v2\/posts"}],"about":[{"href":"https:\/\/247stiri.ro\/index.php\/wp-json\/wp\/v2\/types\/post"}],"replies":[{"embeddable":true,"href":"https:\/\/247stiri.ro\/index.php\/wp-json\/wp\/v2\/comments?post=38458"}],"version-history":[{"count":0,"href":"https:\/\/247stiri.ro\/index.php\/wp-json\/wp\/v2\/posts\/38458\/revisions"}],"wp:featuredmedia":[{"embeddable":true,"href":"https:\/\/247stiri.ro\/index.php\/wp-json\/wp\/v2\/media\/38450"}],"wp:attachment":[{"href":"https:\/\/247stiri.ro\/index.php\/wp-json\/wp\/v2\/media?parent=38458"}],"wp:term":[{"taxonomy":"category","embeddable":true,"href":"https:\/\/247stiri.ro\/index.php\/wp-json\/wp\/v2\/categories?post=38458"},{"taxonomy":"post_tag","embeddable":true,"href":"https:\/\/247stiri.ro\/index.php\/wp-json\/wp\/v2\/tags?post=38458"}],"curies":[{"name":"wp","href":"https:\/\/api.w.org\/{rel}","templated":true}]}}