{"id":38469,"date":"2025-03-11T09:45:22","date_gmt":"2025-03-11T09:45:22","guid":{"rendered":"https:\/\/247stiri.ro\/index.php\/2025\/03\/11\/tupeu-incredibil-suvernistul-vopsit-se-vede-la-cotroceni\/"},"modified":"2025-03-11T09:45:22","modified_gmt":"2025-03-11T09:45:22","slug":"tupeu-incredibil-suvernistul-vopsit-se-vede-la-cotroceni","status":"publish","type":"post","link":"https:\/\/247stiri.ro\/index.php\/2025\/03\/11\/tupeu-incredibil-suvernistul-vopsit-se-vede-la-cotroceni\/","title":{"rendered":"Tupeu incredibil! Suvernistul vopsit se vede la Cotroceni"},"content":{"rendered":"<p>&#8222;C\u00e2nd voi fi pre\u0219edinte, cu siguran\u021b\u0103 cred c\u0103 este nevoie de un alt guverndec\u00e2t cel actual \u0219i cu siguran\u021b\u0103 vreau ca \u00een acest guvern &#8211; nu doar primul ministru, to\u021bi mini\u0219trii &#8211; s\u0103 fie mult mai competen\u021bi \u0219i mai profesioni\u0219ti \u0219i s\u0103 nu depind\u0103 de partide.\u00a0<\/p>\n<p>Faptul c\u0103 \u00een ultimele zile dl Georgescu a fost acaparat de partide, cred c\u0103-l dezavantajeaz\u0103, dar este op\u021biunea domniei sale.\u00a0<\/p>\n<p>Eu sunt independent \u0219i voi r\u0103m\u00e2ne independent tot timpul.\u00a0<\/p>\n<p>Electoratul PSD sigur c\u0103 o s\u0103 m\u0103 voteze pe mine. Sper ca de data asta s\u0103 nu-l mai asculte pe dl Simonis s\u0103 voteze cu Simion.\u00a0<\/p>\n<p>\u00cen viziunea pre\u0219edintelui Victor Ponta, absolut orice rom\u00e2n patriot da, poate s\u0103 fie, inclusiv&#8230; E rom\u00e2n, cum s\u0103 nu?<\/p>\n<p>Eu cred c\u0103, \u00een primul r\u00e2nd, Rom\u00e2nia este sub atacul unui sistem care\u00a0 nu vrea s\u0103 plece de la putere \u0219i c\u0103, evident, to\u021bi cei din afar\u0103 &#8211; dac\u0103 au ocazia &#8211; profit\u0103. \u021aine de noi, dac\u0103 noi suntem uni\u021bi nu ne poate ataca nimeni din afar\u0103.\u00a0<\/p>","protected":false},"excerpt":{"rendered":"<p>&#8222;C\u00e2nd voi fi pre\u0219edinte, cu siguran\u021b\u0103 cred c\u0103 este nevoie de un alt guverndec\u00e2t cel&hellip;<\/p>\n","protected":false},"author":0,"featured_media":38470,"comment_status":"open","ping_status":"open","sticky":false,"template":"","format":"standard","meta":{"footnotes":""},"categories":[3],"tags":[],"class_list":["post-38469","post","type-post","status-publish","format-standard","has-post-thumbnail","hentry","category-politica"],"_links":{"self":[{"href":"https:\/\/247stiri.ro\/index.php\/wp-json\/wp\/v2\/posts\/38469","targetHints":{"allow":["GET"]}}],"collection":[{"href":"https:\/\/247stiri.ro\/index.php\/wp-json\/wp\/v2\/posts"}],"about":[{"href":"https:\/\/247stiri.ro\/index.php\/wp-json\/wp\/v2\/types\/post"}],"replies":[{"embeddable":true,"href":"https:\/\/247stiri.ro\/index.php\/wp-json\/wp\/v2\/comments?post=38469"}],"version-history":[{"count":0,"href":"https:\/\/247stiri.ro\/index.php\/wp-json\/wp\/v2\/posts\/38469\/revisions"}],"wp:featuredmedia":[{"embeddable":true,"href":"https:\/\/247stiri.ro\/index.php\/wp-json\/wp\/v2\/media\/38470"}],"wp:attachment":[{"href":"https:\/\/247stiri.ro\/index.php\/wp-json\/wp\/v2\/media?parent=38469"}],"wp:term":[{"taxonomy":"category","embeddable":true,"href":"https:\/\/247stiri.ro\/index.php\/wp-json\/wp\/v2\/categories?post=38469"},{"taxonomy":"post_tag","embeddable":true,"href":"https:\/\/247stiri.ro\/index.php\/wp-json\/wp\/v2\/tags?post=38469"}],"curies":[{"name":"wp","href":"https:\/\/api.w.org\/{rel}","templated":true}]}}