{"id":38473,"date":"2025-03-11T09:45:24","date_gmt":"2025-03-11T09:45:24","guid":{"rendered":"https:\/\/247stiri.ro\/index.php\/2025\/03\/11\/marius-tuca-sistemul-nu-reactioneaza-la-protestul-a-1-000-de-oameni-este-nevoie-in-fiecare-zi-de-sute-de-mii-de-protestatari-in-strada\/"},"modified":"2025-03-11T09:45:24","modified_gmt":"2025-03-11T09:45:24","slug":"marius-tuca-sistemul-nu-reactioneaza-la-protestul-a-1-000-de-oameni-este-nevoie-in-fiecare-zi-de-sute-de-mii-de-protestatari-in-strada","status":"publish","type":"post","link":"https:\/\/247stiri.ro\/index.php\/2025\/03\/11\/marius-tuca-sistemul-nu-reactioneaza-la-protestul-a-1-000-de-oameni-este-nevoie-in-fiecare-zi-de-sute-de-mii-de-protestatari-in-strada\/","title":{"rendered":"Marius Tuc\u0103: \u201dSistemul nu reac\u021bioneaz\u0103 la protestul a 1.000 de oameni. Este nevoie \u00een fiecare zi de sute de mii de protestatari \u00een strad\u0103\u201d"},"content":{"rendered":"<p>\u201eEu cred c\u0103 vou\u0103 \u00eencep s\u0103 v\u0103 plac\u0103 loviturile de stat, am stat cu m\u00e2inile \u00een san la prima lovitur\u0103 de stat, crede\u021bi c\u0103 sistemul asta \u00eempietrit de 30 de ani reac\u021bioneaz\u0103 la 1000 de \u00een\u0219i care ies s\u0103 protesteze la BEC?<\/p>\n<p>Nici vorb\u0103, au nevoie \u00een fiecare zi de 100-200 de mii \u00een pia\u021b\u0103 victoriei, 300 de mii, au nevoie in toate ora\u0219ele \u021b\u0103rii s\u0103 ias\u0103 lumea pe strad\u0103 c\u0103 s\u0103 \u00een\u021beleag\u0103 c\u0103 e cazul s\u0103 plece, \u0219i or s\u0103 plece mai devreme sau mai t\u00e2rziu.<\/p>\n<p>Spuneam c\u0103 urmeaz\u0103 a treia lovitur\u0103 de stat, CCR s\u0103 fie de acord cu candidatura lui C\u0103lin Georgescu \u00eempotriva motivarilor cu care au venit p\u00e2n\u0103 acum, Doamne fere\u0219te!\u201d, a declarat jurnalistul Marius Tuc\u0103.<\/p>\n<p><a title=\"@mariustuca_ro\" href=\"https:\/\/www.tiktok.com\/@mariustuca_ro?refer=embed\" target=\"_blank\">@mariustuca_ro<\/a><\/p>\n<p>\u00a0<\/p>\n<p><a title=\"\u266c original sound - Marius Tuc\u0103\" href=\"https:\/\/www.tiktok.com\/music\/original-sound-7480233192328432406?refer=embed\" target=\"_blank\">\u266c original sound &#8211; Marius Tuc\u0103<\/a><\/p>","protected":false},"excerpt":{"rendered":"<p>\u201eEu cred c\u0103 vou\u0103 \u00eencep s\u0103 v\u0103 plac\u0103 loviturile de stat, am stat cu m\u00e2inile&hellip;<\/p>\n","protected":false},"author":0,"featured_media":38468,"comment_status":"open","ping_status":"open","sticky":false,"template":"","format":"standard","meta":{"footnotes":""},"categories":[2],"tags":[],"class_list":["post-38473","post","type-post","status-publish","format-standard","has-post-thumbnail","hentry","category-actual"],"_links":{"self":[{"href":"https:\/\/247stiri.ro\/index.php\/wp-json\/wp\/v2\/posts\/38473","targetHints":{"allow":["GET"]}}],"collection":[{"href":"https:\/\/247stiri.ro\/index.php\/wp-json\/wp\/v2\/posts"}],"about":[{"href":"https:\/\/247stiri.ro\/index.php\/wp-json\/wp\/v2\/types\/post"}],"replies":[{"embeddable":true,"href":"https:\/\/247stiri.ro\/index.php\/wp-json\/wp\/v2\/comments?post=38473"}],"version-history":[{"count":0,"href":"https:\/\/247stiri.ro\/index.php\/wp-json\/wp\/v2\/posts\/38473\/revisions"}],"wp:featuredmedia":[{"embeddable":true,"href":"https:\/\/247stiri.ro\/index.php\/wp-json\/wp\/v2\/media\/38468"}],"wp:attachment":[{"href":"https:\/\/247stiri.ro\/index.php\/wp-json\/wp\/v2\/media?parent=38473"}],"wp:term":[{"taxonomy":"category","embeddable":true,"href":"https:\/\/247stiri.ro\/index.php\/wp-json\/wp\/v2\/categories?post=38473"},{"taxonomy":"post_tag","embeddable":true,"href":"https:\/\/247stiri.ro\/index.php\/wp-json\/wp\/v2\/tags?post=38473"}],"curies":[{"name":"wp","href":"https:\/\/api.w.org\/{rel}","templated":true}]}}