{"id":38477,"date":"2025-03-11T09:45:25","date_gmt":"2025-03-11T09:45:25","guid":{"rendered":"https:\/\/247stiri.ro\/index.php\/2025\/03\/11\/politist-gasit-mort-in-propria-masina-era-ofiter-in-cadrul-scolii-de-agenti-de-politie-din-campina\/"},"modified":"2025-03-11T09:45:25","modified_gmt":"2025-03-11T09:45:25","slug":"politist-gasit-mort-in-propria-masina-era-ofiter-in-cadrul-scolii-de-agenti-de-politie-din-campina","status":"publish","type":"post","link":"https:\/\/247stiri.ro\/index.php\/2025\/03\/11\/politist-gasit-mort-in-propria-masina-era-ofiter-in-cadrul-scolii-de-agenti-de-politie-din-campina\/","title":{"rendered":"Poli\u021bist, g\u0103sit mort \u00een propria ma\u0219in\u0103. Era ofi\u021ber \u00een cadrul \u0218colii de Agen\u021bi de Poli\u021bie din C\u00e2mpina"},"content":{"rendered":"<p>Se pare c\u0103 alarma a fost dat\u0103 de c\u00e2\u021biva trec\u0103tori care au observat c\u0103 b\u0103rbatul nu d\u0103dea semne de via\u021b\u0103 \u0219i au decis s\u0103 sune la 112.<\/p>\n<p>\u00a0La scurt timp de la formarea apelului, la fa\u021ba locului au intervenit mai multe echipaje de poli\u021bie, dar \u0219i o ambulan\u021b\u0103. Din p\u0103cate, echipajul medical sosit la fa\u021ba locului nu a putut s\u0103 fac\u0103 nimic pentru poli\u021bist \u0219i au fost nevoi\u021bi s\u0103 \u00eei constate decesul.\u00a0<\/p>\n<p>Din primele cercet\u0103ri, oamenii legii au stabilit c\u0103 <a href=\"https:\/\/www.realitatea.net\/stiri\/actual\/poli-ist-mort-in-jude-ul-arge-in-urma-unui-accident-cumplit_5dcc9278406af85273d79d6e\" target=\"_blank\">poli\u021bistul <\/a>avea o ran\u0103 produs\u0103 prin \u00eenjunghiere \u00een zona abdomenului.\u00a0<\/p>\n<p>Surse din anchet\u0103 spun c\u0103 pe trupul b\u0103rbatului nu au fost descoperite urme de violen\u021b\u0103 \u0219i c\u0103 rana respectiv\u0103 a fost provocat\u0103 de poli\u021bist cu aproximativ 12 ore \u00eenainte s\u0103 fie g\u0103sit.\u00a0<\/p>\n<p>Potrivit acelora\u0219i surse, poli\u021bistul era profesor la investiga\u021bii criminale \u00een cadrul \u0218colii de Poli\u021bie \u201eVasile Lasc\u0103r\u201d din C\u00e2mpina \u0219i era extrem de respectat la locul de munc\u0103.\u00a0<\/p>\n<p>B\u0103rbatul era c\u0103s\u0103torit \u0219i avea doi copii, iar \u00een acest moment nimeni nu \u00ee\u0219i explic\u0103 ce l-a \u00eempins s\u0103 recurg\u0103 la acest gest extrem.\u00a0<\/p>\n<p>Trupul ne\u00eensufle\u021bit al ofi\u021berului a fost transportat la Serviciul de Medicin\u0103 Legal\u0103 \u00een vederea efectu\u0103rii \u00a0necropsiei, iar \u00een acest caz a fost deschis\u0103 o anchet\u0103 penal\u0103 prin care oamenii legii \u00eencearc\u0103 s\u0103 stabileasc\u0103 motivele care au dus la acest gest tragic.<\/p>","protected":false},"excerpt":{"rendered":"<p>Se pare c\u0103 alarma a fost dat\u0103 de c\u00e2\u021biva trec\u0103tori care au observat c\u0103 b\u0103rbatul&hellip;<\/p>\n","protected":false},"author":0,"featured_media":38478,"comment_status":"open","ping_status":"open","sticky":false,"template":"","format":"standard","meta":{"footnotes":""},"categories":[2],"tags":[],"class_list":["post-38477","post","type-post","status-publish","format-standard","has-post-thumbnail","hentry","category-actual"],"_links":{"self":[{"href":"https:\/\/247stiri.ro\/index.php\/wp-json\/wp\/v2\/posts\/38477","targetHints":{"allow":["GET"]}}],"collection":[{"href":"https:\/\/247stiri.ro\/index.php\/wp-json\/wp\/v2\/posts"}],"about":[{"href":"https:\/\/247stiri.ro\/index.php\/wp-json\/wp\/v2\/types\/post"}],"replies":[{"embeddable":true,"href":"https:\/\/247stiri.ro\/index.php\/wp-json\/wp\/v2\/comments?post=38477"}],"version-history":[{"count":0,"href":"https:\/\/247stiri.ro\/index.php\/wp-json\/wp\/v2\/posts\/38477\/revisions"}],"wp:featuredmedia":[{"embeddable":true,"href":"https:\/\/247stiri.ro\/index.php\/wp-json\/wp\/v2\/media\/38478"}],"wp:attachment":[{"href":"https:\/\/247stiri.ro\/index.php\/wp-json\/wp\/v2\/media?parent=38477"}],"wp:term":[{"taxonomy":"category","embeddable":true,"href":"https:\/\/247stiri.ro\/index.php\/wp-json\/wp\/v2\/categories?post=38477"},{"taxonomy":"post_tag","embeddable":true,"href":"https:\/\/247stiri.ro\/index.php\/wp-json\/wp\/v2\/tags?post=38477"}],"curies":[{"name":"wp","href":"https:\/\/api.w.org\/{rel}","templated":true}]}}