{"id":38492,"date":"2025-03-11T10:44:48","date_gmt":"2025-03-11T10:44:48","guid":{"rendered":"https:\/\/247stiri.ro\/index.php\/2025\/03\/11\/george-simion-demasca-manevra-cu-audierile-si-intimidarile-la-adresa-parlamentarilor-aur-e-vorba-de-politie-politica-se-aplica-metode-staliniste\/"},"modified":"2025-03-11T10:44:48","modified_gmt":"2025-03-11T10:44:48","slug":"george-simion-demasca-manevra-cu-audierile-si-intimidarile-la-adresa-parlamentarilor-aur-e-vorba-de-politie-politica-se-aplica-metode-staliniste","status":"publish","type":"post","link":"https:\/\/247stiri.ro\/index.php\/2025\/03\/11\/george-simion-demasca-manevra-cu-audierile-si-intimidarile-la-adresa-parlamentarilor-aur-e-vorba-de-politie-politica-se-aplica-metode-staliniste\/","title":{"rendered":"George Simion DEMASC\u0102 manevra cu audierile \u0219i intimid\u0103rile la adresa parlamentarilor AUR: E vorba de POLI\u021aIE POLITIC\u0102. Se aplic\u0103 METODE STALINISTE"},"content":{"rendered":"<p>&#8222;Au fost ni\u0219te audieri. A \u00eenceput audierea primilor 2 &#8211; a lui R\u0103zvan Biro \u0219i Tiberiu B\u00e2rsan &#8211; care au fost acolo pentru a coordona un protest. Noi ne-am asumat protestele organizate de noi. Nu pentru a incitat, ci pentru a supraveghea bun\u0103 desf\u0103\u0219urare a lucrurilor. S\u0103 nu existe derapaje. Au existat multe derapaje \u0219i din partea unor protestatari infiltra\u021bi violen\u021bi, \u0219i din partea for\u021belor de ordine. Toate aceste lucruri sunt filmate, au fost transmise \u00een direct<\/p>\n<p>Da, pentru 11,12, 13, 14 \u0219i 15 sunt chema\u021bi 5 parlamentari AUR. E vorba de poli\u021bie politic\u0103. Se aplic\u0103 metode staliniste \u00eempotriva Opozi\u021biei politice \u0219i suntem absolut ultragia\u021bi de felul \u00een care alege actual\u0103 guvernare \u0219i puterea executiv\u0103 s\u0103 amestece lucrurile, s\u0103 se bage peste puterea judec\u0103toreasc\u0103, s\u0103 fie unele institu\u021bii ale statului \u0219i servicii secrete implicate \u00een b\u0103t\u0103lia politic\u0103.<\/p>\n<p>Avem un mesaj de transmis: opri\u021bi represiunea politic\u0103 \u00eempotriva voin\u021bei poporului! L\u0103sa\u021bi alegerile s\u0103 fie libere, l\u0103sa\u021bi-l pe dl Georgescu s\u0103 candideze!Eu, c\u0103 pre\u0219edinte AUR, fac parte dintr-o echipa. Nu m\u0103 voi dezice, cum vor unii \u0219i al\u021bii, indiferent de ce presiuni face\u021bi.<\/p>\n<p>\u00cen\u021beleg c\u0103 este vorba de acela\u0219i procuror care cu 3 zile \u00eenainte de alegerile de la europarlamentare ne-a ridicat toat\u0103 echipa de campanie &#8211; dl Procuror Rare\u0219 Petru Stan, care s-a dus la Parchetul General pentru o misiune special\u0103. El a declarat asta &#8211; pentru o sarcina special\u0103 &#8211; s-a dus acolo la ceea ce procurorii numesc &#8222;Cimitirul elefan\u021bilor&#8221;.A plecat de la DIICOT tocmai pentru a se ocup\u0103 de Opozi\u021bia parlamentar\u0103, Opozi\u021bia politic\u0103 din Rom\u00e2nia.<\/p>\n<p>Vreau s\u0103 fac un apel la toate institu\u021biile statului pe care le respect\u0103m s\u0103 nu comit\u0103 abuzuri. Ne prezent\u0103m dac\u0103 suntem chema\u021bi, respect\u0103m toate regulile, dar sper\u0103m s\u0103 mai existe reguli pentru c\u0103 se pare c\u0103 sunt \u00eenc\u0103lcate orice norme, orice legi \u0219i avem de-a face cu un stat poli\u021bienesc, cu un stat represiv \u0219i metode staliniste&#8221;, a declarat George Simion, la Realitatea PLUS.<\/p>\n<p>Referindu-se la valul de &#8222;coinciden\u021be&#8221; din ultimele zile &#8211; acela\u0219i procuror ca \u00een cazul alegerilor pentru europarlamentare, citarea colegilor s\u0103i din AUR chiar \u00een ziua \u00een care se a\u0219teapt\u0103 decizia CCR \u00een cazul contesta\u021biei lui C\u0103lin Georgescu, liderul AUR a spus c\u0103 scopul este acela de a-i descuraja, respectiv de a-i face &#8222;s\u0103 se dezic\u0103, s\u0103 fac\u0103 un pas sau mai mul\u021bi \u00eenapoi&#8221;.\u00a0<\/p>\n<p>&#8222;Noi nu vom face acest lucru. S\u0103 fie c\u00e2t se poate de clar. Tocmai de aceea am avut \u0219i ieri consult\u0103ri cu dl C\u0103lin Georgescu. Avem permanent aceste consult\u0103ri. Nu ne dezicem, indiferent de lucrurile cu care suntem amenin\u021bati: de audieri, perchezi\u021bii arest[ri. Sunt lucruri la care ne putem a\u0219tepta \u00eentr-un stat represiv, \u00eentr-un stat abuzator. Noi nu facem dec\u00e2t s\u0103 fim de partea poporului rom\u00e2n \u0219i nu ne vom l\u0103sa descuraja\u021bi. Mergem p\u00e2n\u0103 la cap\u0103t \u00een aceast\u0103 b\u0103t\u0103lie. Sper din suflet ca ceea ce se \u00eent\u00e2mpl\u0103 \u00een timp record &#8211; 5 parlamentari chema\u021bi de pe o zi pe alta, c\u00e2nd ei nu au rezolvat problema tezaurului Rom\u00e2niei, nu au rezolvat cazul coifului dacic \u0219i acum \u00eencearc\u0103 s\u0103 ne lege pe noi de ni\u0219te violen\u021be despre care eu \u0219tiu c\u0103 tot ei le-au provocat&#8221;, a ar\u0103tat George Simion.\u00a0<\/p>\n<p>\u00centrebat ce decizie crede c\u0103 va da CCR-ul \u00een cazul contesta\u021biei lui C\u0103lin Georgescu la decizia BEC de invalidare a candidaturii sale, pre\u0219edintele AUR a r\u0103spuns c\u0103 atunci c\u00e2nd ai de-a face cu &#8222;ni \u0219te criminali \u00een serie &#8211; dup\u0103 ce comit o crim\u0103, dou\u0103 &#8211; te po\u021bi a\u0219tepta \u00een continuare s\u0103 comit\u0103 crime&#8221;.\u00a0<\/p>\n<p>&#8222;Asta b\u0103nuim c\u0103 vor face cei 9 din plutonul de execu\u021bie, dar avem toate m\u0103surile de siguran\u021b\u0103 c\u0103 putem continua lupta luate \u0219i vom merge mai departe. V\u0103 da\u021bi seama, noi ne dorim ca dl. C\u0103lin Georgescu, a\u0219a c um a fost voin\u021ba poporului rom\u00e2n \u0219i este \u00eentr-un num\u0103r cov\u00e2r\u0219itor, pentru c\u0103 dac\u0103 n-ar fi, v\u0103 da\u021bi seama c\u0103 l-ar l\u0103sa s\u0103 candideze. Dar e clar c\u0103 pe curentul suvernaist autentic, dl C\u0103lin Georgescu c\u00e2\u0219tig\u0103 aceste alegeri&#8221;.\u00a0<\/p>","protected":false},"excerpt":{"rendered":"<p>&#8222;Au fost ni\u0219te audieri. A \u00eenceput audierea primilor 2 &#8211; a lui R\u0103zvan Biro \u0219i&hellip;<\/p>\n","protected":false},"author":0,"featured_media":38493,"comment_status":"open","ping_status":"open","sticky":false,"template":"","format":"standard","meta":{"footnotes":""},"categories":[3],"tags":[],"class_list":["post-38492","post","type-post","status-publish","format-standard","has-post-thumbnail","hentry","category-politica"],"_links":{"self":[{"href":"https:\/\/247stiri.ro\/index.php\/wp-json\/wp\/v2\/posts\/38492","targetHints":{"allow":["GET"]}}],"collection":[{"href":"https:\/\/247stiri.ro\/index.php\/wp-json\/wp\/v2\/posts"}],"about":[{"href":"https:\/\/247stiri.ro\/index.php\/wp-json\/wp\/v2\/types\/post"}],"replies":[{"embeddable":true,"href":"https:\/\/247stiri.ro\/index.php\/wp-json\/wp\/v2\/comments?post=38492"}],"version-history":[{"count":0,"href":"https:\/\/247stiri.ro\/index.php\/wp-json\/wp\/v2\/posts\/38492\/revisions"}],"wp:featuredmedia":[{"embeddable":true,"href":"https:\/\/247stiri.ro\/index.php\/wp-json\/wp\/v2\/media\/38493"}],"wp:attachment":[{"href":"https:\/\/247stiri.ro\/index.php\/wp-json\/wp\/v2\/media?parent=38492"}],"wp:term":[{"taxonomy":"category","embeddable":true,"href":"https:\/\/247stiri.ro\/index.php\/wp-json\/wp\/v2\/categories?post=38492"},{"taxonomy":"post_tag","embeddable":true,"href":"https:\/\/247stiri.ro\/index.php\/wp-json\/wp\/v2\/tags?post=38492"}],"curies":[{"name":"wp","href":"https:\/\/api.w.org\/{rel}","templated":true}]}}