{"id":38496,"date":"2025-03-11T10:44:49","date_gmt":"2025-03-11T10:44:49","guid":{"rendered":"https:\/\/247stiri.ro\/index.php\/2025\/03\/11\/biroul-electoral-central-a-validat-candidatura-lui-crin-antonescu\/"},"modified":"2025-03-11T10:44:49","modified_gmt":"2025-03-11T10:44:49","slug":"biroul-electoral-central-a-validat-candidatura-lui-crin-antonescu","status":"publish","type":"post","link":"https:\/\/247stiri.ro\/index.php\/2025\/03\/11\/biroul-electoral-central-a-validat-candidatura-lui-crin-antonescu\/","title":{"rendered":"Biroul Electoral Central a validat candidatura lui Crin Antonescu"},"content":{"rendered":"<p>Crin Antonescu \u0219i-a depus duminic\u0103, la sediul BEC, candidatura pentru alegerile preziden\u021biale care vor fi organizate \u00een luna mai, cu peste 1,7 milioane de semn\u0103turi.\u00a0<\/p>\n<p>La numai dou\u0103 zile de la depunerea documentelor necesare, BEC a validat candidatura lui Crin Antonescu la alegerile preziden\u021biale, fiind al doilea candidat admis, dup\u0103 independentul Nicu\u0219or Dan.<\/p>\n\n<p>\u00centrebat mar\u021bi dac\u0103 simte c\u0103 are sprijinul total al coali\u021biei \u00een aceast\u0103 campanie Crin Antonescu a r\u0103spuns:\u00a0\u201dDa, nu am nici o \u00eendoial\u0103 \u00een aceast\u0103 privin\u0163\u0103 dac\u0103 prin coali\u0163ie \u00een\u0163elegem conducerile, deciden\u0163ii, la sensul cel mai larg, p\u00e2n\u0103 la Congres, al forurilor acestor trei partide \u015fi un grup parlamentar, cel al minorit\u0103\u0163ilor care mi-au acordat aceast\u0103 sus\u0163inere \u015fi mi-au propus aceast\u0103 candidatur\u0103. Dac\u0103 asta \u00een\u0163elegem prin coali\u0163ie, da, sprijinul e total, nu a avut nicio fisur\u0103, nu a avut niciun dubiu.\u00a0Dac\u0103 \u00een\u0163elegem totalul votan\u0163ilor posibili, estimabili, ai acestor forma\u0163iuni politice, aici cred c\u0103 nimeni nu poate s\u0103 aib\u0103 preten\u0163ia\u00a0 totalit\u0103\u0163ii, unanimit\u0103\u0163ii, nu poate s\u0103 aib\u0103 preten\u0163ia c\u0103 \u015ftie ce vor vota fiecare. Este o disput\u0103 mai mare ca niciodat\u0103 pe ni\u015fte aleg\u0103tori care nu mai respect\u0103 de bun\u0103 vreme consemnele de partid, nici \u00eenainte nu le-au respectat \u00eentru totul \u015fi am exemple celebre. Deci este o b\u0103t\u0103lie absolut deschis\u0103 \u015fi sigur c\u0103 este rolul meu de candidat s\u0103 discut, s\u0103 c\u00e2\u015ftig votul fiec\u0103rui aleg\u0103tor PSD-ist, aleg\u0103tor liberal sau aleg\u0103tor UDMR\u201d, a declarat Antonescu.<\/p>\n<p>\u00a0<\/p>\n<p>\u00a0<\/p>","protected":false},"excerpt":{"rendered":"<p>Crin Antonescu \u0219i-a depus duminic\u0103, la sediul BEC, candidatura pentru alegerile preziden\u021biale care vor fi&hellip;<\/p>\n","protected":false},"author":0,"featured_media":38489,"comment_status":"open","ping_status":"open","sticky":false,"template":"","format":"standard","meta":{"footnotes":""},"categories":[2],"tags":[],"class_list":["post-38496","post","type-post","status-publish","format-standard","has-post-thumbnail","hentry","category-actual"],"_links":{"self":[{"href":"https:\/\/247stiri.ro\/index.php\/wp-json\/wp\/v2\/posts\/38496","targetHints":{"allow":["GET"]}}],"collection":[{"href":"https:\/\/247stiri.ro\/index.php\/wp-json\/wp\/v2\/posts"}],"about":[{"href":"https:\/\/247stiri.ro\/index.php\/wp-json\/wp\/v2\/types\/post"}],"replies":[{"embeddable":true,"href":"https:\/\/247stiri.ro\/index.php\/wp-json\/wp\/v2\/comments?post=38496"}],"version-history":[{"count":0,"href":"https:\/\/247stiri.ro\/index.php\/wp-json\/wp\/v2\/posts\/38496\/revisions"}],"wp:featuredmedia":[{"embeddable":true,"href":"https:\/\/247stiri.ro\/index.php\/wp-json\/wp\/v2\/media\/38489"}],"wp:attachment":[{"href":"https:\/\/247stiri.ro\/index.php\/wp-json\/wp\/v2\/media?parent=38496"}],"wp:term":[{"taxonomy":"category","embeddable":true,"href":"https:\/\/247stiri.ro\/index.php\/wp-json\/wp\/v2\/categories?post=38496"},{"taxonomy":"post_tag","embeddable":true,"href":"https:\/\/247stiri.ro\/index.php\/wp-json\/wp\/v2\/tags?post=38496"}],"curies":[{"name":"wp","href":"https:\/\/api.w.org\/{rel}","templated":true}]}}