{"id":38499,"date":"2025-03-11T10:44:50","date_gmt":"2025-03-11T10:44:50","guid":{"rendered":"https:\/\/247stiri.ro\/index.php\/2025\/03\/11\/protestul-democratiei-astazi-se-decide-soarta-lui-calin-georgescu-mobilizare-uriasa-in-toata-tara-romanii-se-strang-deja-la-ccr-live-text-si-video\/"},"modified":"2025-03-11T10:44:50","modified_gmt":"2025-03-11T10:44:50","slug":"protestul-democratiei-astazi-se-decide-soarta-lui-calin-georgescu-mobilizare-uriasa-in-toata-tara-romanii-se-strang-deja-la-ccr-live-text-si-video","status":"publish","type":"post","link":"https:\/\/247stiri.ro\/index.php\/2025\/03\/11\/protestul-democratiei-astazi-se-decide-soarta-lui-calin-georgescu-mobilizare-uriasa-in-toata-tara-romanii-se-strang-deja-la-ccr-live-text-si-video\/","title":{"rendered":"Protestul democra\u021biei: ast\u0103zi se decide soarta lui C\u0103lin Georgescu. Mobilizare uria\u0219\u0103 \u00een toat\u0103 \u021bara: rom\u00e2nii se str\u00e2ng deja la CCR &#8211; LIVE TEXT \u0219i VIDEO"},"content":{"rendered":"<p>Realitatea PLUS, televiziunea poporului, este al\u0103turi de rom\u00e2ni \u0219i transmite LIVE VIDEO din fa\u021ba CCR:<\/p>\n\n<p>UPDATE 12:20 &#8211; Mobilizare f\u0103r\u0103 precedent, la aceast\u0103 or\u0103, la sediul CCR. For\u021bele de ordine sunt \u00een alert\u0103 maxim\u0103 dup\u0103 protestul de duminic\u0103. Atunci, mai mul\u021bi protestatari violen\u021bi, infiltra\u021bi printre oamenii pa\u0219nici, au folosit petarde \u0219i au aruncat cu sticle \u0219i cu pietre \u00een jandarmi. La intrarea \u00een sediul institu\u021biei se efectueaz\u0103 verific\u0103ri am\u0103nun\u021bite ale persoanelor.<\/p>\n<p>Sediul CCR se afl\u0103 \u00een cl\u0103direa Palatului Parlamentului.\u00a0<\/p>\n<p>UPDATE 12:00: Rom\u00e2nii \u00eencep s\u0103 se str\u00e2ng\u0103 deja \u00een fa\u021ba CCR.\u00a0<\/p>\n<p>Judec\u0103torii CCR se reunesc \u00een sedin\u021b\u0103, ast\u0103zi, la ora 17:00, pentru a analiza contesta\u021bia depus\u0103 de C\u0103lin Georgescu dup\u0103 decizia BEC de respingere a candidaturii sale la alegerile preziden\u021biale din luna mai.<\/p>\n<p>Judec\u0103torii Cur\u021bii Constitu\u021bionale sunt cei care vor avea cuv\u00e2ntul final \u0219i de aceast\u0103 dat\u0103, iar pe mas\u0103 au trei contesta\u021bii \u00eempotriva deciziei BEC de blocare a lui C\u0103lin Georgescu.\u00a0<\/p>\n<p>Au \u00eens\u0103 \u0219i o scrisoare din partea rectorului soro\u0219ist al lui Coldea de la SNSPA, Remus Pricopie, care se folose\u0219te din nou de institu\u021bie ca s\u0103 blocheze candidatura.\u00a0<\/p>","protected":false},"excerpt":{"rendered":"<p>Realitatea PLUS, televiziunea poporului, este al\u0103turi de rom\u00e2ni \u0219i transmite LIVE VIDEO din fa\u021ba CCR:&hellip;<\/p>\n","protected":false},"author":0,"featured_media":38491,"comment_status":"open","ping_status":"open","sticky":false,"template":"","format":"standard","meta":{"footnotes":""},"categories":[2],"tags":[],"class_list":["post-38499","post","type-post","status-publish","format-standard","has-post-thumbnail","hentry","category-actual"],"_links":{"self":[{"href":"https:\/\/247stiri.ro\/index.php\/wp-json\/wp\/v2\/posts\/38499","targetHints":{"allow":["GET"]}}],"collection":[{"href":"https:\/\/247stiri.ro\/index.php\/wp-json\/wp\/v2\/posts"}],"about":[{"href":"https:\/\/247stiri.ro\/index.php\/wp-json\/wp\/v2\/types\/post"}],"replies":[{"embeddable":true,"href":"https:\/\/247stiri.ro\/index.php\/wp-json\/wp\/v2\/comments?post=38499"}],"version-history":[{"count":0,"href":"https:\/\/247stiri.ro\/index.php\/wp-json\/wp\/v2\/posts\/38499\/revisions"}],"wp:featuredmedia":[{"embeddable":true,"href":"https:\/\/247stiri.ro\/index.php\/wp-json\/wp\/v2\/media\/38491"}],"wp:attachment":[{"href":"https:\/\/247stiri.ro\/index.php\/wp-json\/wp\/v2\/media?parent=38499"}],"wp:term":[{"taxonomy":"category","embeddable":true,"href":"https:\/\/247stiri.ro\/index.php\/wp-json\/wp\/v2\/categories?post=38499"},{"taxonomy":"post_tag","embeddable":true,"href":"https:\/\/247stiri.ro\/index.php\/wp-json\/wp\/v2\/tags?post=38499"}],"curies":[{"name":"wp","href":"https:\/\/api.w.org\/{rel}","templated":true}]}}