{"id":38516,"date":"2025-03-11T11:45:21","date_gmt":"2025-03-11T11:45:21","guid":{"rendered":"https:\/\/247stiri.ro\/index.php\/2025\/03\/11\/antrenor-de-tenis-condamnat-dupa-ce-a-snopit-in-bataie-un-livrator-la-cluj-actul-sau-de-o-brutalitate-cutremuratoare\/"},"modified":"2025-03-11T11:45:21","modified_gmt":"2025-03-11T11:45:21","slug":"antrenor-de-tenis-condamnat-dupa-ce-a-snopit-in-bataie-un-livrator-la-cluj-actul-sau-de-o-brutalitate-cutremuratoare","status":"publish","type":"post","link":"https:\/\/247stiri.ro\/index.php\/2025\/03\/11\/antrenor-de-tenis-condamnat-dupa-ce-a-snopit-in-bataie-un-livrator-la-cluj-actul-sau-de-o-brutalitate-cutremuratoare\/","title":{"rendered":"Antrenor de tenis, condamnat dup\u0103 ce a snopit \u00een b\u0103taie un livrator, la Cluj. Actul s\u0103u, de o brutalitate cutremur\u0103toare"},"content":{"rendered":"<p>Incidentul a avut loc la data de 15 august 2022, \u00een jurul orei 13:23, \u00een apropierea Bazei Sportive Farmec din Cluj-Napoca, relateaz\u0103 \u0218tiri de Cluj.<\/p>\n<p>Conflictul a izbucnit \u00een urma unei discu\u0163ii \u00een contradictoriu, dup\u0103 ce livratorul \u0219i-a l\u0103sat ma\u0219ina pe avarii \u00een zon\u0103, p\u00e2n\u0103 a ridicat o comand\u0103 de pizza.\u00a0<\/p>\n<p>Acest lucru l-ar fi enervat \u00eens\u0103 la culme pe profesorul de tenis, care l-a atacat pe livrator cu un baston telescopic. Victima a fost lovit \u00een mod repetat, inclusiv \u00een zona capului \u015fi a genunchiului st\u00e2ng.<\/p>\n<p>\u00centreaga scen\u0103 a avut loc \u00eentr-o zon\u0103 intens circulat\u0103, sub privirile oamenilor care au \u00eencercat s\u0103 intervin\u0103 pentru a-l opri pe agresor.<\/p>\n<p>Victima a suferit leziuni care au necesitat mai multe zile de \u00eengrijiri medicale, conform raportului medico-legal \u00eentocmit \u00een acest caz<\/p>\n<p>Instan\u0163a a re\u0163inut un grad ridicat de pericol social al faptei, agresorul tulbur\u00e2nd ordinea public\u0103 \u015fi pun\u00e2nd \u00een pericol integritatea fizic\u0103 a victimei. De\u015fi inculpatul, \u00een v\u00e2rst\u0103 de 55 de ani, profesor la un club de tenis din Cluj, nu avea antecedente penale, instan\u0163a a considerat c\u0103 agresiunea s-a produs f\u0103r\u0103 nicio justificare rezonabil\u0103 \u015fi a fost s\u0103v\u00e2r\u015fit\u0103 cu brutalitate.<\/p>\n<p>\u201e\u00cen ceea ce prive\u015fte gradul de pericol social al faptei s\u0103v\u00e2r\u015fite, magistratul a re\u0163inut ca fiind unul \u00a0ridicat, inculpatul aduc\u00e2nd atingere unor valori sociale protejate de lege, privind protejarea integrit\u0103\u021bii corporale sau s\u0103n\u0103t\u0103\u021bii, precum \u015fi a ordinii \u0219i lini\u0219tii publice, prin aplicarea cu brutalitate lovituri cu un baston telescopic \u00een zona capului \u015fi a genunchiului st\u00e2ng, \u00een condi\u0163iile unei dispropor\u0163ii de for\u0163e \u015fi din motive banale, raportat la aglomera\u0163ia ce caracterizeaz\u0103, respectiv a lipsei unui loc de parcare \u015fi a opririi pentru o perioad\u0103 extrem de scurt\u0103 \u00een dreptul unei c\u0103i de acces, cu sistemul de avarii pornit, pentru ridicarea unei comenzi de m\u00e2ncare pe care persoana v\u0103t\u0103mat\u0103 urma s\u0103 o livreze, inculpatul l\u0103s\u00e2nd mai apoi persoana v\u0103t\u0103mat\u0103 \u00een strad\u0103, plin\u0103 de s\u00e2nge, strig\u00e2nd c\u0103tre martora, \u201em\u0103 \u00eentorc eu \u015fi dup\u0103 tine!\u201d ca urmare a interven\u0163iei acesteia \u015fi a solicit\u0103rii adresate inculpatului de a nu mai lovi persoana v\u0103t\u0103mat\u0103, context \u00een care inculpatul a cauzat persoanei v\u0103t\u0103mate leziuni traumatice pentru a c\u0103ror vindecare a fost necesar un num\u0103r de 8-9 zile de \u00eengrijire medical\u0103, astfel cum rezult\u0103 din raportul de expertiz\u0103 medico-legal\u0103\u201d, au re\u021binut magistra\u021bii clujeni.\u00a0<\/p>\n<p>Sentin\u021ba a fost pronun\u021bat\u0103 de judec\u0103torii de la Curtea de Apel Cluj \u0219i este definitiv\u0103.\u00a0<\/p>","protected":false},"excerpt":{"rendered":"<p>Incidentul a avut loc la data de 15 august 2022, \u00een jurul orei 13:23, \u00een&hellip;<\/p>\n","protected":false},"author":0,"featured_media":38517,"comment_status":"open","ping_status":"open","sticky":false,"template":"","format":"standard","meta":{"footnotes":""},"categories":[2],"tags":[],"class_list":["post-38516","post","type-post","status-publish","format-standard","has-post-thumbnail","hentry","category-actual"],"_links":{"self":[{"href":"https:\/\/247stiri.ro\/index.php\/wp-json\/wp\/v2\/posts\/38516","targetHints":{"allow":["GET"]}}],"collection":[{"href":"https:\/\/247stiri.ro\/index.php\/wp-json\/wp\/v2\/posts"}],"about":[{"href":"https:\/\/247stiri.ro\/index.php\/wp-json\/wp\/v2\/types\/post"}],"replies":[{"embeddable":true,"href":"https:\/\/247stiri.ro\/index.php\/wp-json\/wp\/v2\/comments?post=38516"}],"version-history":[{"count":0,"href":"https:\/\/247stiri.ro\/index.php\/wp-json\/wp\/v2\/posts\/38516\/revisions"}],"wp:featuredmedia":[{"embeddable":true,"href":"https:\/\/247stiri.ro\/index.php\/wp-json\/wp\/v2\/media\/38517"}],"wp:attachment":[{"href":"https:\/\/247stiri.ro\/index.php\/wp-json\/wp\/v2\/media?parent=38516"}],"wp:term":[{"taxonomy":"category","embeddable":true,"href":"https:\/\/247stiri.ro\/index.php\/wp-json\/wp\/v2\/categories?post=38516"},{"taxonomy":"post_tag","embeddable":true,"href":"https:\/\/247stiri.ro\/index.php\/wp-json\/wp\/v2\/tags?post=38516"}],"curies":[{"name":"wp","href":"https:\/\/api.w.org\/{rel}","templated":true}]}}