{"id":38524,"date":"2025-03-11T11:45:24","date_gmt":"2025-03-11T11:45:24","guid":{"rendered":"https:\/\/247stiri.ro\/index.php\/2025\/03\/11\/ong-urile-si-jurnalismul-de-investigatie-in-atentia-comisiei-europene-peste-100-europarlamentari-cer-cresterea-bugetului-pentru-cele-doua-ramuri-de-activitate\/"},"modified":"2025-03-11T11:45:24","modified_gmt":"2025-03-11T11:45:24","slug":"ong-urile-si-jurnalismul-de-investigatie-in-atentia-comisiei-europene-peste-100-europarlamentari-cer-cresterea-bugetului-pentru-cele-doua-ramuri-de-activitate","status":"publish","type":"post","link":"https:\/\/247stiri.ro\/index.php\/2025\/03\/11\/ong-urile-si-jurnalismul-de-investigatie-in-atentia-comisiei-europene-peste-100-europarlamentari-cer-cresterea-bugetului-pentru-cele-doua-ramuri-de-activitate\/","title":{"rendered":"ONG-urile \u015fi jurnalismul de investiga\u0163ie, \u00een aten\u021bia Comisiei Europene. Peste 100 europarlamentari cer cre\u0219terea bugetului pentru cele dou\u0103 ramuri de activitate"},"content":{"rendered":"<p>Solicitarea vine ca urmare a deciziei SUA de a suspenda temporar programele de ajutor extern, \u00een urma c\u0103reia mii de ONG-uri \u015fi-au suspendat deja activitatea, din cauza lipsei de finan\u0163are.<\/p>\n<p>Europarlamentarul Nicu \u015etef\u0103nu\u0163\u0103 precizeaz\u0103 \u00eentr-un comunicat oficial c\u0103 programele UE precum LIFE, CERV, ESF+, Horizon Europe, EU4Health, Erasmus+, Europa Creativ\u0103, EIDHR, NDICI \u015fi AMIF au nevoie de o cre\u015ftere urgent\u0103 a finan\u0163\u0103rii pentru a putea s\u0103 \u00ee\u015fi continue activitatea de promovare a democra\u0163iei, a statului de drept, a asigur\u0103rii egalit\u0103\u0163ii \u00een drepturi \u015fi a incluziunii, de combatere a dezinformarii \u015fi de garantare a libert\u0103\u0163ii \u015fi pluralismului mass-media.<\/p>\n<p>\u201dMai mul\u0163i bani pentru programele care vin \u00een sprijinul ONG-urilor nu este doar o cheltuial\u0103 a UE, ci \u015fi o necesitate strategic\u0103, o investi\u0163ie \u00een democra\u0163ie. Credibilitatea Europei ca lider global \u00een ap\u0103rarea drepturilor omului \u015fi \u00een promovarea politicilor progresiste depinde de puterea societ\u0103\u0163ii sale civile. Prin cre\u015fterea sprijinului financiar acordat ONG-urilor, UE \u00ee\u015fi \u00eent\u0103re\u015fte fundamentele sale democratice, protejeaz\u0103 banii contribuabililor \u015fi \u00ee\u015fi reafirm\u0103 rolul de lider \u00een garantarea statului de drept\u201d, declar\u0103 Nicu \u015etef\u0103nu\u0163\u0103.<\/p>\n<p>\u015etef\u0103nu\u0163\u0103 solicit\u0103, de asemenea, cre\u015fterea bugetului pentru programele UE care sprijin\u0103 jurnalismul de investiga\u0163ie precum Jurnalism Partnerships &#8211; Pluralism (2025) sau Europa Creativ\u0103.<\/p>\n<p>\u201dJurnali\u015ftii de investiga\u0163ie ac\u0163ioneaz\u0103 ca ni\u015fte c\u00e2ini de paz\u0103, asigur\u00e2ndu-se c\u0103 guvernele \u015fi institu\u0163iile r\u0103m\u00e2n transparente \u015fi responsabile. Ei sunt cei care demasc\u0103 frauda \u015fi corup\u0163ia, iar munca lor \u00eei protejeaz\u0103 pe cet\u0103\u0163eni de dezinformare \u015fi manipulare. Finan\u0163area jurnalismului de investiga\u0163ie nu este doar un cost pentru UE, ci este o investi\u0163ie. Fiecare euro alocat are poten\u0163ialul de a aduce \u00eenapoi miliarde \u00een fonduri publice pierdute\u201d, adaug\u0103 Nicu \u015etef\u0103nu\u0163\u0103.<\/p>\n<p>\u00cen scrisoarea adresat\u0103 Comisarului pentru Buget, Nicu \u015etef\u0103nu\u0163\u0103 men\u0163ioneaz\u0103 necesitatea ca Uniunea European\u0103 s\u0103 vin\u0103 acum \u00een sprijinul ONG-urilor \u015fi s\u0103 nu lase loc altor actori globali cu agende politice ascunse.<\/p>\n<p>\u201eSprijinind societatea civil\u0103 \u015fi jurnalismul de investiga\u0163ie nu doar c\u0103 ne ap\u0103r\u0103m valorile, ci \u015fi \u00eentreaga suveranitate european\u0103, interesele financiare \u015fi democra\u0163ia. Ac\u0163ion\u00e2nd, UE se asigur\u0103 c\u0103 institu\u0163iile sale servesc cet\u0103\u0163enilor europeni, nu puterilor externe cu agende ascunse\u201d, men\u0163ioneaz\u0103 Nicu \u015etef\u0103nu\u0163\u0103.<\/p>","protected":false},"excerpt":{"rendered":"<p>Solicitarea vine ca urmare a deciziei SUA de a suspenda temporar programele de ajutor extern,&hellip;<\/p>\n","protected":false},"author":0,"featured_media":38513,"comment_status":"open","ping_status":"open","sticky":false,"template":"","format":"standard","meta":{"footnotes":""},"categories":[2],"tags":[],"class_list":["post-38524","post","type-post","status-publish","format-standard","has-post-thumbnail","hentry","category-actual"],"_links":{"self":[{"href":"https:\/\/247stiri.ro\/index.php\/wp-json\/wp\/v2\/posts\/38524","targetHints":{"allow":["GET"]}}],"collection":[{"href":"https:\/\/247stiri.ro\/index.php\/wp-json\/wp\/v2\/posts"}],"about":[{"href":"https:\/\/247stiri.ro\/index.php\/wp-json\/wp\/v2\/types\/post"}],"replies":[{"embeddable":true,"href":"https:\/\/247stiri.ro\/index.php\/wp-json\/wp\/v2\/comments?post=38524"}],"version-history":[{"count":0,"href":"https:\/\/247stiri.ro\/index.php\/wp-json\/wp\/v2\/posts\/38524\/revisions"}],"wp:featuredmedia":[{"embeddable":true,"href":"https:\/\/247stiri.ro\/index.php\/wp-json\/wp\/v2\/media\/38513"}],"wp:attachment":[{"href":"https:\/\/247stiri.ro\/index.php\/wp-json\/wp\/v2\/media?parent=38524"}],"wp:term":[{"taxonomy":"category","embeddable":true,"href":"https:\/\/247stiri.ro\/index.php\/wp-json\/wp\/v2\/categories?post=38524"},{"taxonomy":"post_tag","embeddable":true,"href":"https:\/\/247stiri.ro\/index.php\/wp-json\/wp\/v2\/tags?post=38524"}],"curies":[{"name":"wp","href":"https:\/\/api.w.org\/{rel}","templated":true}]}}