{"id":38530,"date":"2025-03-11T12:45:02","date_gmt":"2025-03-11T12:45:02","guid":{"rendered":"https:\/\/247stiri.ro\/index.php\/2025\/03\/11\/operatiunea-marsava-de-la-protest-cine-sunt-de-fapt-politistii-sub-acoperire-cu-canistre-de-benzina-dovada-manipularii-ordinare-a-sistemului\/"},"modified":"2025-03-11T12:45:02","modified_gmt":"2025-03-11T12:45:02","slug":"operatiunea-marsava-de-la-protest-cine-sunt-de-fapt-politistii-sub-acoperire-cu-canistre-de-benzina-dovada-manipularii-ordinare-a-sistemului","status":"publish","type":"post","link":"https:\/\/247stiri.ro\/index.php\/2025\/03\/11\/operatiunea-marsava-de-la-protest-cine-sunt-de-fapt-politistii-sub-acoperire-cu-canistre-de-benzina-dovada-manipularii-ordinare-a-sistemului\/","title":{"rendered":"Opera\u021biunea m\u00e2r\u0219av\u0103 de la protest. Cine sunt, de fapt, &#8222;poli\u021bi\u0219tii sub acoperire cu canistre de benzin\u0103&#8221; &#8211; Dovada &#8222;manipul\u0103rii ordinare&#8221; a sistemului\u00a0"},"content":{"rendered":"<p>&#8222;Este o ac\u021biune \u00eempotriva Realitatea PLUS. To\u021bi colegii no\u0219tri sunt supu\u0219i acestei manipul\u0103ri f\u0103r\u0103 precedent. Informa\u021bia mi-a fost transmis\u0103 pe toate canalele de dou\u0103 s\u0103pt\u0103m\u00e2ni c\u0103 urmeaz\u0103 s\u0103 fiu chemat\u0103 \u0219i eu \u00een unul din dosarele lui C\u0103lin Georgescu, cel care vizeaz\u0103 declara\u021bii f\u0103cute \u00een emisiunea mea. Am primit \u0219i eu aceste imagini cu colegii no\u0219tri cu canistrele de benzin\u0103 \u00eenc\u0103 de ieri. Evident, este o manipulare ordinar\u0103 pentru c\u0103 noi, av\u00e2nd acolo ma\u0219ina care trebuie s\u0103 transmit\u0103 \u00een direct peste asta era nevoie, sunt colegii cu care mergem pe teren. Sunt \u00eencerc\u0103ri de a discredita at\u00e2t Realitatea PLUS, c\u00e2t \u0219i pe mine, to\u021bi cei care \u00een fiecare zi ar\u0103t\u0103m adev\u0103rul. De ce? Pentru c\u0103 la celelalte televiziuni se scoate din context \u0219i este o manipulare grosolan\u0103 a declara\u021biilor \u0219i interviurilor lui C\u0103lin Georgescu.\u00a0<\/p>\n<p>Este un semn de disperare. M\u0103 a\u0219tept la orice. Mi-am preg\u0103tit \u0219i familia, \u0219i copiii, \u0219i apropia\u021bii. Acum ne vedem prietenii, vedem cine e de partea adev\u0103rului \u0219i dac\u0103 statul rom\u00e2n este e\u0219uat sau puternic. Pentru c\u0103 institu\u021biile statului ar trebui s\u0103-i apere pe cet\u0103\u021benii rom\u00e2ni, nu s\u0103 apere ni\u0219te politicieni care sunt vremelnic la guvernare \u0219i s\u0103 aplice ordine venite din afara \u021b\u0103rii. Noi trebuie s\u0103 ne baz\u0103m doar pe noi, ca popor, pe ce avem \u00een \u021bar\u0103, nu s\u0103 a\u0219tept\u0103m cu m\u00e2na \u00eentins\u0103 \u0219i s\u0103 prelu\u0103m ordine \u0219i direc\u021bii din afara \u021b\u0103rii. Nici din America, nici de la Bruxelles.<\/p>\n<p>For\u021ba este la poporul rom\u00e2n. Au \u00een\u021beles-o la vot, dar acum aceast\u0103 ac\u021biune de intimidare \u0219i de manipulare nu e altceva dec\u00e2t de a-i speria pe rom\u00e2ni, de a-i face s\u0103 nu mai ias\u0103 la proteste, s\u0103 nu mai vorbeasc\u0103, s\u0103 nu mai posteze nimic. Este foarte clar c\u0103 ei se tem probabil \u0219i de o eventual\u0103 candidatur\u0103 a mea sau a lui George Simion, \u00eencearc\u0103 s\u0103 elimine orice variant\u0103 dec\u00e2t lista lor scurt\u0103 pe care vor s\u0103 ne-o impun\u0103 \u0219i pe care trebuie s\u0103 o vot\u0103m: Nicu\u0219or Dan, Crin Antonescu, Elena Lasconi \u0219i Victor Ponta. Sub o form\u0103 sau alta, aceste personaje reprezint\u0103 sistemul. Doar ei le asigur\u0103 continuitatea \u0219i puterea de a fi la butoane s\u0103 distrug\u0103 vie\u021bi, s\u0103 execute prim-mini\u0219tri, s\u0103 pun\u0103 pre\u0219edin\u021bi. C\u0103ci despre asta este vorba. Este vorba despre o putere ascuns\u0103 \u00een spatele statului rom\u00e2n, de o lupt\u0103 \u00eentre grup\u0103ri din institu\u021bii \u0219i serviciile secrete la care asist\u0103m de at\u00e2\u021bia ani de zile. Eu nu m\u0103 voi opri, nu voi \u00eengenunchia, nu m\u0103 voi speria. Orice vor dori s\u0103 fac\u0103. A\u0219tept s\u0103 m\u0103 cheme la Parchet, s\u0103 m\u0103 \u00eenjoseasc\u0103, s\u0103 m\u0103 jigneasc\u0103, s\u0103 inventeze lucruri despre mine, nu m\u0103 voi opri&#8221;, a spus Anca Alexandrescu.<\/p>\n<p>\u00a0<\/p>","protected":false},"excerpt":{"rendered":"<p>&#8222;Este o ac\u021biune \u00eempotriva Realitatea PLUS. To\u021bi colegii no\u0219tri sunt supu\u0219i acestei manipul\u0103ri f\u0103r\u0103 precedent.&hellip;<\/p>\n","protected":false},"author":0,"featured_media":38531,"comment_status":"open","ping_status":"open","sticky":false,"template":"","format":"standard","meta":{"footnotes":""},"categories":[3],"tags":[],"class_list":["post-38530","post","type-post","status-publish","format-standard","has-post-thumbnail","hentry","category-politica"],"_links":{"self":[{"href":"https:\/\/247stiri.ro\/index.php\/wp-json\/wp\/v2\/posts\/38530","targetHints":{"allow":["GET"]}}],"collection":[{"href":"https:\/\/247stiri.ro\/index.php\/wp-json\/wp\/v2\/posts"}],"about":[{"href":"https:\/\/247stiri.ro\/index.php\/wp-json\/wp\/v2\/types\/post"}],"replies":[{"embeddable":true,"href":"https:\/\/247stiri.ro\/index.php\/wp-json\/wp\/v2\/comments?post=38530"}],"version-history":[{"count":0,"href":"https:\/\/247stiri.ro\/index.php\/wp-json\/wp\/v2\/posts\/38530\/revisions"}],"wp:featuredmedia":[{"embeddable":true,"href":"https:\/\/247stiri.ro\/index.php\/wp-json\/wp\/v2\/media\/38531"}],"wp:attachment":[{"href":"https:\/\/247stiri.ro\/index.php\/wp-json\/wp\/v2\/media?parent=38530"}],"wp:term":[{"taxonomy":"category","embeddable":true,"href":"https:\/\/247stiri.ro\/index.php\/wp-json\/wp\/v2\/categories?post=38530"},{"taxonomy":"post_tag","embeddable":true,"href":"https:\/\/247stiri.ro\/index.php\/wp-json\/wp\/v2\/tags?post=38530"}],"curies":[{"name":"wp","href":"https:\/\/api.w.org\/{rel}","templated":true}]}}