{"id":38539,"date":"2025-03-11T12:45:06","date_gmt":"2025-03-11T12:45:06","guid":{"rendered":"https:\/\/247stiri.ro\/index.php\/2025\/03\/11\/scandalul-bec-ia-tot-mai-mare-amploare-liderii-lumii-intervin-in-cazul-lui-calin-georgescu\/"},"modified":"2025-03-11T12:45:06","modified_gmt":"2025-03-11T12:45:06","slug":"scandalul-bec-ia-tot-mai-mare-amploare-liderii-lumii-intervin-in-cazul-lui-calin-georgescu","status":"publish","type":"post","link":"https:\/\/247stiri.ro\/index.php\/2025\/03\/11\/scandalul-bec-ia-tot-mai-mare-amploare-liderii-lumii-intervin-in-cazul-lui-calin-georgescu\/","title":{"rendered":"Scandalul BEC ia tot mai mare amploare. Liderii lumii intervin \u00een cazul lui C\u0103lin Georgescu"},"content":{"rendered":"<p>Copre\u0219edin\u021bii Grupului Conservatorilor \u0219i Reformi\u0219tilor Europeni au atacat decizia BEC de anulare a candidaturii lui C\u0103lin Georgescu.<\/p>\n<p>Ace\u0219tia acuz\u0103 c\u0103 decizia este una \u0219ocant\u0103 \u0219i c\u0103 este inacceptabil c\u0103 acest lucru s-a \u00eent\u00e2mplat f\u0103r\u0103 a fi prezentate dovezi.<\/p>\n<p>\u00cen plus, ace\u0219tia spun despre C\u0103lin Georgescu c\u0103 poate fi un candidat incomod pentru a\u0219a-numitele elite proeuropene, deoarece se opune politicilor lor.<\/p>\n<p>Ace\u0219tia fac acum apel la Comisia European\u0103 s\u0103 rup\u0103 t\u0103cerea \u0219i s\u0103 se pronun\u021be \u00eempotriva acestei \u00eenc\u0103lc\u0103ri a standardelor democratice.<\/p>\n<p>\u0218i premierul Slovaciei sare \u00een ap\u0103rarea lui C\u0103lin Georgescu. Acesta a transmis c\u0103 institu\u021biile europene trebuie s\u0103 ia atitudine cu privire la situa\u021bia \u021b\u0103rii noastre.<\/p>\n<p>Robert Fico a mai transmis c\u0103, dac\u0103 reprezentan\u021bii Comisiei Europene vor ignora ce se \u00eent\u00e2mpl\u0103, se va crea un precedent periculos \u00een care \u00eentr-o competi\u021bie democratic\u0103 liber\u0103 va fi eliminat orice c\u00e2\u0219tig\u0103tor cu opinii diferite.<\/p>\n<p>Mesaje tran\u0219ante de la cei mai importan\u021bi oameni din Statele Unite ale Americii. Kari Lake, consilier principal al administra\u021biei Trump pentru agen\u021bia american\u0103 pentru media global\u0103, a f\u0103cut o paralel\u0103 direct\u0103 \u00eentre situa\u021bia din Rom\u00e2nia \u0219i tentativele de a-l \u00eempiedica pe Donald Trump s\u0103 candideze \u00een SUA.<\/p>\n<p>De asemenea, mogulul american Elon Musk implicat direct \u00een administra\u021bia de la Washington acuz\u0103 c\u0103 un judec\u0103tor nu poate pune cap\u0103t democratiei din Rom\u00e2nia.<\/p>","protected":false},"excerpt":{"rendered":"<p>Copre\u0219edin\u021bii Grupului Conservatorilor \u0219i Reformi\u0219tilor Europeni au atacat decizia BEC de anulare a candidaturii lui&hellip;<\/p>\n","protected":false},"author":0,"featured_media":38529,"comment_status":"open","ping_status":"open","sticky":false,"template":"","format":"standard","meta":{"footnotes":""},"categories":[2],"tags":[],"class_list":["post-38539","post","type-post","status-publish","format-standard","has-post-thumbnail","hentry","category-actual"],"_links":{"self":[{"href":"https:\/\/247stiri.ro\/index.php\/wp-json\/wp\/v2\/posts\/38539","targetHints":{"allow":["GET"]}}],"collection":[{"href":"https:\/\/247stiri.ro\/index.php\/wp-json\/wp\/v2\/posts"}],"about":[{"href":"https:\/\/247stiri.ro\/index.php\/wp-json\/wp\/v2\/types\/post"}],"replies":[{"embeddable":true,"href":"https:\/\/247stiri.ro\/index.php\/wp-json\/wp\/v2\/comments?post=38539"}],"version-history":[{"count":0,"href":"https:\/\/247stiri.ro\/index.php\/wp-json\/wp\/v2\/posts\/38539\/revisions"}],"wp:featuredmedia":[{"embeddable":true,"href":"https:\/\/247stiri.ro\/index.php\/wp-json\/wp\/v2\/media\/38529"}],"wp:attachment":[{"href":"https:\/\/247stiri.ro\/index.php\/wp-json\/wp\/v2\/media?parent=38539"}],"wp:term":[{"taxonomy":"category","embeddable":true,"href":"https:\/\/247stiri.ro\/index.php\/wp-json\/wp\/v2\/categories?post=38539"},{"taxonomy":"post_tag","embeddable":true,"href":"https:\/\/247stiri.ro\/index.php\/wp-json\/wp\/v2\/tags?post=38539"}],"curies":[{"name":"wp","href":"https:\/\/api.w.org\/{rel}","templated":true}]}}