{"id":38552,"date":"2025-03-11T13:45:34","date_gmt":"2025-03-11T13:45:34","guid":{"rendered":"https:\/\/247stiri.ro\/index.php\/2025\/03\/11\/circulatia-feroviara-din-bistrita-nasaud-afectata-de-incendiile-de-vegetatie-un-tren-regio-este-blocat-intre-localitatile-floresti-si-nimigea-de-jos\/"},"modified":"2025-03-11T13:45:34","modified_gmt":"2025-03-11T13:45:34","slug":"circulatia-feroviara-din-bistrita-nasaud-afectata-de-incendiile-de-vegetatie-un-tren-regio-este-blocat-intre-localitatile-floresti-si-nimigea-de-jos","status":"publish","type":"post","link":"https:\/\/247stiri.ro\/index.php\/2025\/03\/11\/circulatia-feroviara-din-bistrita-nasaud-afectata-de-incendiile-de-vegetatie-un-tren-regio-este-blocat-intre-localitatile-floresti-si-nimigea-de-jos\/","title":{"rendered":"Circula\u021bia feroviar\u0103 din Bistri\u021ba-N\u0103s\u0103ud, afectat\u0103 de incendiile de vegeta\u021bie. Un tren regio este blocat \u00eentre localit\u0103\u021bile Flore\u0219ti \u0219i Nimigea de Jos"},"content":{"rendered":"<p>Inspectoratul pentru Situa\u021bii de Urgen\u021b\u0103 (ISU) Bistri\u021ba-N\u0103s\u0103ud a anun\u021bat c\u0103 mersul trenului regio 4207011 care face leg\u0103tura \u00eentre Bistri\u021ba \u0219i Vatra Dornei a fost afectat, mar\u021bi dup\u0103-amiaz\u0103, din cauza unui <a href=\"https:\/\/www.realitatea.net\/stiri\/actual\/incendiile-de-vegetatie-fac-ravagii-in-romania-mii-de-hectare-de-teren-au-fost-distruse-in-ultimele-24-de-ore-avertismentul-igsu_67d006db9ae0382ca56cd4e2\" target=\"_blank\">incendiu de vegeta\u021bie<\/a> produs \u00eentre localit\u0103\u021bile Flore\u0219ti \u0219i Nimigea de Jos.<\/p>\n<p>&#8222;Pompierii militari n\u0103s\u0103udeni \u0219i SVSU Nimigea intervin la un incendiu de vegeta\u021bie uscat\u0103 \u00eentre localit\u0103\u021bile Flore\u0219ti \u0219i Nimigea de Jos, \u00een apropierea c\u0103ii ferate. Trenul 4207011 Bistri\u021ba Nord &#8211; Vatra Dornei este oprit \u00een localitatea Flore\u0219ti. A fost \u00eendep\u0103rtat la o distan\u021b\u0103 de siguran\u021b\u0103 fa\u021b\u0103 de focarul incendiului \u0219i de zona \u00een care se poate extinde incendiul&#8221;, a transmis ISU Bistri\u021ba-N\u0103s\u0103ud.\u00a0<\/p>\n<p>Potrivit reprezentan\u021bilor institu\u021biei, la locul incendiului este a\u0219teptat\u0103 o drezin\u0103 a CFR, pentru a efectua \u0219untarea, \u00een vederea cre\u0103rii condi\u021biilor de interven\u021bie \u00een siguran\u021b\u0103.<\/p>","protected":false},"excerpt":{"rendered":"<p>Inspectoratul pentru Situa\u021bii de Urgen\u021b\u0103 (ISU) Bistri\u021ba-N\u0103s\u0103ud a anun\u021bat c\u0103 mersul trenului regio 4207011 care&hellip;<\/p>\n","protected":false},"author":0,"featured_media":38553,"comment_status":"open","ping_status":"open","sticky":false,"template":"","format":"standard","meta":{"footnotes":""},"categories":[2],"tags":[],"class_list":["post-38552","post","type-post","status-publish","format-standard","has-post-thumbnail","hentry","category-actual"],"_links":{"self":[{"href":"https:\/\/247stiri.ro\/index.php\/wp-json\/wp\/v2\/posts\/38552","targetHints":{"allow":["GET"]}}],"collection":[{"href":"https:\/\/247stiri.ro\/index.php\/wp-json\/wp\/v2\/posts"}],"about":[{"href":"https:\/\/247stiri.ro\/index.php\/wp-json\/wp\/v2\/types\/post"}],"replies":[{"embeddable":true,"href":"https:\/\/247stiri.ro\/index.php\/wp-json\/wp\/v2\/comments?post=38552"}],"version-history":[{"count":0,"href":"https:\/\/247stiri.ro\/index.php\/wp-json\/wp\/v2\/posts\/38552\/revisions"}],"wp:featuredmedia":[{"embeddable":true,"href":"https:\/\/247stiri.ro\/index.php\/wp-json\/wp\/v2\/media\/38553"}],"wp:attachment":[{"href":"https:\/\/247stiri.ro\/index.php\/wp-json\/wp\/v2\/media?parent=38552"}],"wp:term":[{"taxonomy":"category","embeddable":true,"href":"https:\/\/247stiri.ro\/index.php\/wp-json\/wp\/v2\/categories?post=38552"},{"taxonomy":"post_tag","embeddable":true,"href":"https:\/\/247stiri.ro\/index.php\/wp-json\/wp\/v2\/tags?post=38552"}],"curies":[{"name":"wp","href":"https:\/\/api.w.org\/{rel}","templated":true}]}}