{"id":38560,"date":"2025-03-11T13:45:37","date_gmt":"2025-03-11T13:45:37","guid":{"rendered":"https:\/\/247stiri.ro\/index.php\/2025\/03\/11\/social-democratii-se-leapada-de-suveranistul-vopsit-sedinta-la-psd-pentru-excluderea-lui-ponta-din-partid\/"},"modified":"2025-03-11T13:45:37","modified_gmt":"2025-03-11T13:45:37","slug":"social-democratii-se-leapada-de-suveranistul-vopsit-sedinta-la-psd-pentru-excluderea-lui-ponta-din-partid","status":"publish","type":"post","link":"https:\/\/247stiri.ro\/index.php\/2025\/03\/11\/social-democratii-se-leapada-de-suveranistul-vopsit-sedinta-la-psd-pentru-excluderea-lui-ponta-din-partid\/","title":{"rendered":"Social-democra\u021bii se leap\u0103d\u0103 de suveranistul vopsit. \u0218edin\u021b\u0103 la PSD pentru excluderea lui Ponta din partid"},"content":{"rendered":"<p>Potrivit surselor Realitatea PLUS, excluderea suveranistului vopsit din PSD va avea loc, dup\u0103 ce acesta \u00ee\u0219i va depune la Biroul Electoral Central, candidatura la alegerile preziden\u021biale.\u00a0<\/p>\n<p>\u201dEu am avut \u015fi am \u00eentotdeauna \u015fi tot respectul, \u015fi toat\u0103 recuno\u015ftin\u0163a \u015fi toat\u0103 dragostea pentru votan\u0163ii PSD, pentru c\u0103 m-au votat deputat, prim-ministru, pre\u015fedinte chiar dac\u0103 nu am c\u00e2\u015ftigat \u015fi pentru ace\u015fti votan\u0163i \u00eemi voi face \u00eentotdeauna datoria. Am c\u0103utat solu\u0163ia cea mai elegant\u0103 prin care s\u0103 nu-i deranjez pe liderii PSD care au \u00een\u0163elegea lor cu PNL-ul, \u015ftiu c\u0103 e mare presiune din partea PNL s\u0103 fiu dat afar\u0103 \u015fi nu mai am calitatea de membru al PSD. Dac\u0103 din team\u0103 sau din slug\u0103rnicie o s\u0103 vrea s\u0103 m\u0103 exclud\u0103, am mai fost o dat\u0103 exclus din PSD, pentru c\u0103 am zis c\u0103 nu e normal ca PSD s\u0103-\u015fi dea jos propriul guvern \u015fi s\u0103 ajung\u0103 la m\u00e2na lui Iohannis. Am avut dreptate atunci, poate am gre\u015fit cu omul de atunci, se poate, a\u015fa, c\u00e2nd v\u0103d zilele astea m\u0103 g\u00e2ndesc, dar pe principiu am avut dreptate \u015fi acum am dreptate \u015fi \u00eemi asum absolut orice fel de sanc\u0163iune din partea conducerii oric\u0103rui partid\u201d, afirma Victor Ponta, \u00een urm\u0103 cu c\u00e2teva zile.\u00a0<\/p>","protected":false},"excerpt":{"rendered":"<p>Potrivit surselor Realitatea PLUS, excluderea suveranistului vopsit din PSD va avea loc, dup\u0103 ce acesta&hellip;<\/p>\n","protected":false},"author":0,"featured_media":38551,"comment_status":"open","ping_status":"open","sticky":false,"template":"","format":"standard","meta":{"footnotes":""},"categories":[2],"tags":[],"class_list":["post-38560","post","type-post","status-publish","format-standard","has-post-thumbnail","hentry","category-actual"],"_links":{"self":[{"href":"https:\/\/247stiri.ro\/index.php\/wp-json\/wp\/v2\/posts\/38560","targetHints":{"allow":["GET"]}}],"collection":[{"href":"https:\/\/247stiri.ro\/index.php\/wp-json\/wp\/v2\/posts"}],"about":[{"href":"https:\/\/247stiri.ro\/index.php\/wp-json\/wp\/v2\/types\/post"}],"replies":[{"embeddable":true,"href":"https:\/\/247stiri.ro\/index.php\/wp-json\/wp\/v2\/comments?post=38560"}],"version-history":[{"count":0,"href":"https:\/\/247stiri.ro\/index.php\/wp-json\/wp\/v2\/posts\/38560\/revisions"}],"wp:featuredmedia":[{"embeddable":true,"href":"https:\/\/247stiri.ro\/index.php\/wp-json\/wp\/v2\/media\/38551"}],"wp:attachment":[{"href":"https:\/\/247stiri.ro\/index.php\/wp-json\/wp\/v2\/media?parent=38560"}],"wp:term":[{"taxonomy":"category","embeddable":true,"href":"https:\/\/247stiri.ro\/index.php\/wp-json\/wp\/v2\/categories?post=38560"},{"taxonomy":"post_tag","embeddable":true,"href":"https:\/\/247stiri.ro\/index.php\/wp-json\/wp\/v2\/tags?post=38560"}],"curies":[{"name":"wp","href":"https:\/\/api.w.org\/{rel}","templated":true}]}}