{"id":38576,"date":"2025-03-11T14:44:54","date_gmt":"2025-03-11T14:44:54","guid":{"rendered":"https:\/\/247stiri.ro\/index.php\/2025\/03\/11\/angel-tilvar-fortele-aeriene-romane-vor-apara-spatiul-aerian-national-si-aliat-cu-trei-escadrile-inzestrate-cu-avioane-de-lupta-f-16\/"},"modified":"2025-03-11T14:44:54","modified_gmt":"2025-03-11T14:44:54","slug":"angel-tilvar-fortele-aeriene-romane-vor-apara-spatiul-aerian-national-si-aliat-cu-trei-escadrile-inzestrate-cu-avioane-de-lupta-f-16","status":"publish","type":"post","link":"https:\/\/247stiri.ro\/index.php\/2025\/03\/11\/angel-tilvar-fortele-aeriene-romane-vor-apara-spatiul-aerian-national-si-aliat-cu-trei-escadrile-inzestrate-cu-avioane-de-lupta-f-16\/","title":{"rendered":"Angel T\u00eelv\u0103r: For\u021bele Aeriene Rom\u00e2ne vor ap\u0103ra spa\u021biul aerian na\u0163ional \u015fi aliat cu trei escadrile \u00eenzestrate cu avioane de lupt\u0103 F-16"},"content":{"rendered":"<p>Potrivit ministrului, For\u0163ele Aeriene Rom\u00e2ne vor ap\u0103ra, \u00een cur\u00e2nd, spa\u0163iul aerian na\u0163ional \u015fi aliat cu trei escadrile \u00eenzestrate cu avioane de lupt\u0103 F-16, dispuse pe trei baze aeriene.<\/p>\n<p>Ministrul Ap\u0103r\u0103rii, Angel T\u00eelv\u0103r, a subliniat semnifica\u0163ia pe care derularea \u00een bune condi\u0163ii a contractului de achizi\u0163ie a 32 de avioane F-16 din excedentul For\u0163elor Aeriene Norvegiene o are \u00een raport cu securitatea Rom\u00e2niei \u015fi a flancului estic al NATO.\u201eFinalizarea acestei etape de modernizare va permite, \u00een cur\u00e2nd, For\u0163elor Aeriene Rom\u00e2ne s\u0103 execute misiuni de ap\u0103rare a spa\u0163iului aerian na\u0163ional \u015fi aliat cu trei escadrile \u00eenzestrate cu avioane de lupt\u0103 F-16 dispuse pe trei baze aeriene\u201d, a ar\u0103tat ministrul T\u00eelv\u0103r.Ministrul a apreciat modul \u00een care partea norvegian\u0103 se achit\u0103 de obliga\u0163iile asumate prin contractul dintre cele dou\u0103 guverne.\u00a0\u201eNorvegia este un aliat important pentru Rom\u00e2nia, cooperarea bilateral\u0103 \u00een domeniul ap\u0103r\u0103rii asigur\u00e2nd consisten\u0163\u0103 amplului proces de modernizare \u015fi dezvoltare a capacit\u0103\u0163ilor de ap\u0103rare ale \u0163\u0103rii noastre\u201d, a declarat Angel T\u00eelv\u0103r.<\/p>","protected":false},"excerpt":{"rendered":"<p>Potrivit ministrului, For\u0163ele Aeriene Rom\u00e2ne vor ap\u0103ra, \u00een cur\u00e2nd, spa\u0163iul aerian na\u0163ional \u015fi aliat cu&hellip;<\/p>\n","protected":false},"author":0,"featured_media":38571,"comment_status":"open","ping_status":"open","sticky":false,"template":"","format":"standard","meta":{"footnotes":""},"categories":[2],"tags":[],"class_list":["post-38576","post","type-post","status-publish","format-standard","has-post-thumbnail","hentry","category-actual"],"_links":{"self":[{"href":"https:\/\/247stiri.ro\/index.php\/wp-json\/wp\/v2\/posts\/38576","targetHints":{"allow":["GET"]}}],"collection":[{"href":"https:\/\/247stiri.ro\/index.php\/wp-json\/wp\/v2\/posts"}],"about":[{"href":"https:\/\/247stiri.ro\/index.php\/wp-json\/wp\/v2\/types\/post"}],"replies":[{"embeddable":true,"href":"https:\/\/247stiri.ro\/index.php\/wp-json\/wp\/v2\/comments?post=38576"}],"version-history":[{"count":0,"href":"https:\/\/247stiri.ro\/index.php\/wp-json\/wp\/v2\/posts\/38576\/revisions"}],"wp:featuredmedia":[{"embeddable":true,"href":"https:\/\/247stiri.ro\/index.php\/wp-json\/wp\/v2\/media\/38571"}],"wp:attachment":[{"href":"https:\/\/247stiri.ro\/index.php\/wp-json\/wp\/v2\/media?parent=38576"}],"wp:term":[{"taxonomy":"category","embeddable":true,"href":"https:\/\/247stiri.ro\/index.php\/wp-json\/wp\/v2\/categories?post=38576"},{"taxonomy":"post_tag","embeddable":true,"href":"https:\/\/247stiri.ro\/index.php\/wp-json\/wp\/v2\/tags?post=38576"}],"curies":[{"name":"wp","href":"https:\/\/api.w.org\/{rel}","templated":true}]}}