{"id":38585,"date":"2025-03-11T16:45:12","date_gmt":"2025-03-11T16:45:12","guid":{"rendered":"https:\/\/247stiri.ro\/index.php\/2025\/03\/11\/emilia-ghinescu-moment-special-alaturi-de-fiica-sa-cea-mare-erika-a-implinit-19-ani\/"},"modified":"2025-03-11T16:45:12","modified_gmt":"2025-03-11T16:45:12","slug":"emilia-ghinescu-moment-special-alaturi-de-fiica-sa-cea-mare-erika-a-implinit-19-ani","status":"publish","type":"post","link":"https:\/\/247stiri.ro\/index.php\/2025\/03\/11\/emilia-ghinescu-moment-special-alaturi-de-fiica-sa-cea-mare-erika-a-implinit-19-ani\/","title":{"rendered":"Emilia Ghinescu, moment special al\u0103turi de fiica sa cea mare: Erika a \u00eemplinit 19 ani"},"content":{"rendered":"<p>O rela\u021bie str\u00e2ns\u0103 cu cei trei copii<\/p>\n<p>Cunoscuta interpret\u0103 are trei copii care \u00eei aduc bucurie \u00een fiecare zi: un fiu de 27 de ani \u0219i dou\u0103 fete, Erika \u0219i Anastasia. Cu ocazia anivers\u0103rii fiicei sale celei mari, Emilia Ghinescu a \u00eemp\u0103rt\u0103\u0219it cu admiratorii s\u0103i o fotografie emo\u021bionant\u0103 al\u0103turi de cele dou\u0103 fete, \u00eenso\u021bit\u0103 de un mesaj sensibil dedicat Erik\u0103i.<\/p>\n<p>\u201eMie-mi trec anii, \u021bie-\u021bi vin anii! Feti\u021ba mea&#8230; e\u0219ti o adolescent\u0103 at\u00e2t de frumoas\u0103, de\u0219teapt\u0103 \u0219i cuminte \u0219i sunt sigur\u0103 c\u0103 \u00ee\u021bi vei lua deciziile \u00een via\u021b\u0103 cu mult\u0103 \u00een\u021belepciune. Orice ar fi, oricum \u0219i oriunde ai fi, mama este al\u0103turi de tine necondi\u021bionat. Nu uita s\u0103 \u00eei mul\u021bume\u0219ti lui Dumnezeu, s\u0103 fii bun\u0103 \u0219i cinstit\u0103, s\u0103 z\u00e2mbe\u0219ti \u0219i s\u0103 mul\u021bume\u0219ti cu tot sufletul t\u0103u. La mul\u021bi ani, prim\u0103vara mea! Te iubesc a\u0219a cum nu o va face nimeni niciodat\u0103\u201d, a scris artista pe Instagram.<\/p>\n<p>Erika viseaz\u0103 la o carier\u0103 \u00een medicin\u0103<\/p>\n<p>Fiica Emiliei Ghinescu este student\u0103 \u0219i \u00ee\u0219i dore\u0219te s\u0103 devin\u0103 medic estetician, iar mama sa a sus\u021binut-o necondi\u021bionat \u00een aceast\u0103 alegere. Artista a declarat \u00een repetate r\u00e2nduri c\u0103 \u00ee\u0219i sprijin\u0103 copiii \u00een tot ceea ce \u00ee\u0219i doresc s\u0103 fac\u0103 \u0219i le ofer\u0103 libertatea de a-\u0219i urma propriile visuri.<\/p>\n<p>\u00cen ceea ce \u00eei prive\u0219te pe ceilal\u021bi doi copii, fiul s\u0103u lucreaz\u0103 \u00een domeniul IT \u0219i are deja o rela\u021bie stabil\u0103, \u00een timp ce mezina familiei, Anastasia, \u00een v\u00e2rst\u0103 de aproape nou\u0103 ani, este pasionat\u0103 de muzic\u0103 \u0219i pare c\u0103 \u00eei calc\u0103 pe urme mamei sale.<\/p>\n<p>O influen\u021b\u0103 pozitiv\u0103 asupra stilului de via\u021b\u0103 al mamei<\/p>\n<p>Pe l\u00e2ng\u0103 rela\u021bia apropiat\u0103 mam\u0103-fiic\u0103, Erika a avut o influen\u021b\u0103 puternic\u0103 asupra stilului de via\u021b\u0103 al Emiliei Ghinescu. C\u00e2nt\u0103rea\u021ba a \u00eenceput s\u0103 fac\u0103 sport \u00een urm\u0103 cu doi ani, inspirat\u0103 chiar de fiica sa cea mare.<\/p>\n<p>Erika mergea constant la sal\u0103 \u0219i \u0219i-a \u00eencurajat mama s\u0103 adopte un stil de via\u021b\u0103 activ. La \u00eenceput, artista a \u00eenceput cu dou\u0103 antrenamente pe s\u0103pt\u0103m\u00e2n\u0103, ajung\u00e2nd acum s\u0103 se antreneze cel pu\u021bin de patru ori pe s\u0103pt\u0103m\u00e2n\u0103, iar rezultatele sunt vizibile. La aproape 47 de ani, Emilia Ghinescu arat\u0103 impecabil \u0219i se simte mai bine ca niciodat\u0103.<\/p>\n<p>Astfel, aniversarea fiicei sale nu a fost doar un moment de s\u0103rb\u0103toare, ci \u0219i o ocazie pentru artist\u0103 de a reflecta asupra leg\u0103turii puternice pe care o are cu copiii s\u0103i \u0219i asupra modului \u00een care ace\u0219tia i-au influen\u021bat pozitiv via\u021ba.<\/p>\n<p>\u00a0<\/p>","protected":false},"excerpt":{"rendered":"<p>O rela\u021bie str\u00e2ns\u0103 cu cei trei copii Cunoscuta interpret\u0103 are trei copii care \u00eei aduc&hellip;<\/p>\n","protected":false},"author":0,"featured_media":38586,"comment_status":"open","ping_status":"open","sticky":false,"template":"","format":"standard","meta":{"footnotes":""},"categories":[8],"tags":[],"class_list":["post-38585","post","type-post","status-publish","format-standard","has-post-thumbnail","hentry","category-lifestyle"],"_links":{"self":[{"href":"https:\/\/247stiri.ro\/index.php\/wp-json\/wp\/v2\/posts\/38585","targetHints":{"allow":["GET"]}}],"collection":[{"href":"https:\/\/247stiri.ro\/index.php\/wp-json\/wp\/v2\/posts"}],"about":[{"href":"https:\/\/247stiri.ro\/index.php\/wp-json\/wp\/v2\/types\/post"}],"replies":[{"embeddable":true,"href":"https:\/\/247stiri.ro\/index.php\/wp-json\/wp\/v2\/comments?post=38585"}],"version-history":[{"count":0,"href":"https:\/\/247stiri.ro\/index.php\/wp-json\/wp\/v2\/posts\/38585\/revisions"}],"wp:featuredmedia":[{"embeddable":true,"href":"https:\/\/247stiri.ro\/index.php\/wp-json\/wp\/v2\/media\/38586"}],"wp:attachment":[{"href":"https:\/\/247stiri.ro\/index.php\/wp-json\/wp\/v2\/media?parent=38585"}],"wp:term":[{"taxonomy":"category","embeddable":true,"href":"https:\/\/247stiri.ro\/index.php\/wp-json\/wp\/v2\/categories?post=38585"},{"taxonomy":"post_tag","embeddable":true,"href":"https:\/\/247stiri.ro\/index.php\/wp-json\/wp\/v2\/tags?post=38585"}],"curies":[{"name":"wp","href":"https:\/\/api.w.org\/{rel}","templated":true}]}}