{"id":38596,"date":"2025-03-11T16:45:17","date_gmt":"2025-03-11T16:45:17","guid":{"rendered":"https:\/\/247stiri.ro\/index.php\/2025\/03\/11\/george-simion-riposteaza-impotriva-celor-care-au-cerut-scoaterea-sa-din-viata-publica-vreti-sa-ne-pacaliti-sa-aruncam-pietre-unii-impotriva-celorlalti\/"},"modified":"2025-03-11T16:45:17","modified_gmt":"2025-03-11T16:45:17","slug":"george-simion-riposteaza-impotriva-celor-care-au-cerut-scoaterea-sa-din-viata-publica-vreti-sa-ne-pacaliti-sa-aruncam-pietre-unii-impotriva-celorlalti","status":"publish","type":"post","link":"https:\/\/247stiri.ro\/index.php\/2025\/03\/11\/george-simion-riposteaza-impotriva-celor-care-au-cerut-scoaterea-sa-din-viata-publica-vreti-sa-ne-pacaliti-sa-aruncam-pietre-unii-impotriva-celorlalti\/","title":{"rendered":"George Simion riposteaz\u0103 \u00eempotriva celor care au cerut scoaterea sa din via\u021ba public\u0103. \u201eVre\u021bi s\u0103 ne p\u0103c\u0103li\u021bi s\u0103 arunc\u0103m pietre unii \u00eempotriva celorlal\u021bi\u201d"},"content":{"rendered":"<p>Simion a subliniat c\u0103 aceste apeluri vin din partea unor figuri controversate, pe care le-a acuzat de ipocrizie:<\/p>\n<p>\u201eLaura Ciorb\u0103, Vicol, Nordis, \u0219ti\u021bi voi, Grindeanu, Ciolacu, Traian B\u0103sescu Petrov, Alina Mungiu Pippidi Soro\u0219, toate aceste persoane m-au atacat \u00een ultimele 24 de ore \u0219i vor s\u0103 fiu scos din via\u021ba public\u0103, s\u0103 mi se retrag\u0103 cet\u0103\u021benia, s\u0103 nu fiu l\u0103sat s\u0103 candidez, \u00een general s\u0103 fiu eliminat.<\/p>\n<p>Doamna Ciorb\u0103, dumneavoastr\u0103 care v-a\u021bi b\u0103tut joc de rom\u00e2ni \u0219i care de la FNI \u00eencoace a\u021bi dat cea mai mare \u021beap\u0103 din spa\u021biul public v\u0103 permite\u021bi s\u0103 face\u021bi un asemenea apel? Domnul Traian B\u0103sescu, dumneavoastr\u0103 un dovedit informator al Securit\u0103\u021bii care a\u021bi fost l\u0103sat s\u0103 candida\u021bi, de\u0219i era\u021bi informator, vre\u021bi s\u0103 fiu lipsit de cet\u0103\u021benie?<\/p>\n<p><a title='George Simion demasca procurorul activat la ordin de statul paralel: \"Unealta politica a Sistemului loveste din nou in AUR\"' href=\"https:\/\/www.realitatea.net\/stiri\/politica\/george-simion-demasca-procurorul-activat-la-ordin-de-statul-paralel-unealta-politica-a-sistemului-loveste-din-nou-in-aur_67cfdaf69213d37dd935f412\">George Simion demasc\u0103 procurorul activat la ordin de statul paralel: \u201dUnealta politic\u0103 a Sistemului love\u0219te din nou \u00een AUR\u201d<\/a><\/p>\n<p>Cristian Tudor Popescu, tu care \u00ee\u021bi b\u0103teai joc de poetul nostru na\u021bional \u0219i spuneai c\u0103 e ateu, m\u0103 critici pe mine \u0219i \u00eei jigne\u0219ti pe votan\u021bii suverani\u0219ti? S\u0103 v\u0103 fie ru\u0219ine, asta nu este o democra\u021bie, asta nu este o \u021bar\u0103 normal\u0103 unde un om este interzis s\u0103 candideze doar pentru c\u0103 are alte p\u0103reri dec\u00e2t ave\u021bi voi.<\/p>\n<p>Nu ne vom dezice de C\u0103lin Georgescu, nu vom tr\u0103da. Noi suntem acei rom\u00e2ni care de 35 s-au s\u0103turat de minciunile voastre televizate, noi suntem acei rom\u00e2ni care au fost p\u0103c\u0103li\u021bi la Revolu\u021bie cu terori\u0219tii \u0219i am fost prosti\u021bi s\u0103 tragem unii \u00eempotriva celorlal\u021bi pentru ca voi s\u0103 r\u0103m\u00e2ne\u021bi pe func\u021bii. Rom\u00e2nii vor fi pa\u0219nici \u0219i vor sc\u0103pa de voi. Peste tot au existat revolu\u021bii de catifea, numai \u00een Rom\u00e2nia voi i-a\u021bi p\u0103c\u0103lit s\u0103 trag\u0103 unii \u00eempotriva celorlal\u021bi \u0219i acum vre\u021bi s\u0103 ne p\u0103c\u0103li\u021bi s\u0103 arunc\u0103m pietre unii \u00eempotriva celorlal\u021bi. Nu vom face asta\u201d, a spus George Simion \u00eentr-un videoclip postat pe pagina sa de socializare.<\/p>\n\n<p><a href=\"http:\/\/realitatea.net\/stiri\/politica\/george-simion-demasca-manevra-cu-audierile-si-intimidarile-la-adresa-parlamentarilor-aur-e-vorba-de-politie-politica-se-aplica-metode-stalinistei_67d0085c9ae0382ca56cd4e5\" target=\"_blank\">George Simion DEMASC\u0102 manevra cu audierile \u0219i intimid\u0103rile la adresa parlamentarilor AUR: E vorba de POLI\u021aIE POLITIC\u0102. Se aplic\u0103 METODE STALINISTE<\/a><\/p>","protected":false},"excerpt":{"rendered":"<p>Simion a subliniat c\u0103 aceste apeluri vin din partea unor figuri controversate, pe care le-a&hellip;<\/p>\n","protected":false},"author":0,"featured_media":38594,"comment_status":"open","ping_status":"open","sticky":false,"template":"","format":"standard","meta":{"footnotes":""},"categories":[2],"tags":[],"class_list":["post-38596","post","type-post","status-publish","format-standard","has-post-thumbnail","hentry","category-actual"],"_links":{"self":[{"href":"https:\/\/247stiri.ro\/index.php\/wp-json\/wp\/v2\/posts\/38596","targetHints":{"allow":["GET"]}}],"collection":[{"href":"https:\/\/247stiri.ro\/index.php\/wp-json\/wp\/v2\/posts"}],"about":[{"href":"https:\/\/247stiri.ro\/index.php\/wp-json\/wp\/v2\/types\/post"}],"replies":[{"embeddable":true,"href":"https:\/\/247stiri.ro\/index.php\/wp-json\/wp\/v2\/comments?post=38596"}],"version-history":[{"count":0,"href":"https:\/\/247stiri.ro\/index.php\/wp-json\/wp\/v2\/posts\/38596\/revisions"}],"wp:featuredmedia":[{"embeddable":true,"href":"https:\/\/247stiri.ro\/index.php\/wp-json\/wp\/v2\/media\/38594"}],"wp:attachment":[{"href":"https:\/\/247stiri.ro\/index.php\/wp-json\/wp\/v2\/media?parent=38596"}],"wp:term":[{"taxonomy":"category","embeddable":true,"href":"https:\/\/247stiri.ro\/index.php\/wp-json\/wp\/v2\/categories?post=38596"},{"taxonomy":"post_tag","embeddable":true,"href":"https:\/\/247stiri.ro\/index.php\/wp-json\/wp\/v2\/tags?post=38596"}],"curies":[{"name":"wp","href":"https:\/\/api.w.org\/{rel}","templated":true}]}}