{"id":38597,"date":"2025-03-11T17:44:53","date_gmt":"2025-03-11T17:44:53","guid":{"rendered":"https:\/\/247stiri.ro\/index.php\/2025\/03\/11\/un-jurnalist-rupe-tacerea-ce-urmeaza-in-romania-dupa-respingerea-definitiva-a-candidaturii-lui-calin-georgescu-cine-ii-ia-locul-presedintelui-ales\/"},"modified":"2025-03-11T17:44:53","modified_gmt":"2025-03-11T17:44:53","slug":"un-jurnalist-rupe-tacerea-ce-urmeaza-in-romania-dupa-respingerea-definitiva-a-candidaturii-lui-calin-georgescu-cine-ii-ia-locul-presedintelui-ales","status":"publish","type":"post","link":"https:\/\/247stiri.ro\/index.php\/2025\/03\/11\/un-jurnalist-rupe-tacerea-ce-urmeaza-in-romania-dupa-respingerea-definitiva-a-candidaturii-lui-calin-georgescu-cine-ii-ia-locul-presedintelui-ales\/","title":{"rendered":"Un jurnalist rupe t\u0103cerea: ce urmeaz\u0103 \u00een Rom\u00e2nia dup\u0103 respingerea definitiv\u0103 a candidaturii lui C\u0103lin Georgescu? Cine \u00eei ia locul pre\u0219edintelui ales?"},"content":{"rendered":"<p>\u201eBun\u0103 seara! Eu nu am oferit nim\u0103nui speran\u021be false. De la bun \u00eenceput, am spus c\u0103 acest sistem se va \u00eencr\u00e2ncena \u00eempotriva candidaturii lui C\u0103lin Georgescu \u0219i c\u0103 se va opune din r\u0103sputeri, ceea ce s-a \u0219i \u00eent\u00e2mplat. La ce ne putem a\u0219tepta? Ne putem a\u0219tepta, fie, la \u00eenscrierea pe ultima sut\u0103 de metri, din ultimul moment, a unui suveranist&#8230;probabil, \u00een persoana lui George Simion, fie la abandonul \u00a0suverani\u0219tilor&#8230;ceea ce&#8230;pentru mul\u021bi dintre concet\u0103\u021benii no\u0219tri ar \u00eensemna o tr\u0103dare.<\/p>\n<p>Abandon, adic\u0103 s\u0103 nu candideze. Dac\u0103 ei nu-\u0219i vor pune un candidat preziden\u021bial pe ultima sut\u0103 de metri&#8230;candidat care n-ar putea s\u0103 fie cu \u0219anse, dec\u00e2t, \u00een persoana lui George Simion. Atunci, \u00eenseamn\u0103 c\u0103 dintr-un motiv sau altul, suverani\u0219tii \u00ee\u0219i abandoneaz\u0103 sus\u021bin\u0103torii.\u201d, a declarat Sorin Ro\u0219ca St\u0103nescu, jurnalist al Clubului de Pres\u0103.<\/p>\n<p>Sorin Ro\u0219ca St\u0103nescu a declarat c\u0103 viitorul politic al Rom\u00e2niei r\u0103m\u00e2ne incert, dar este evident c\u0103 <a href=\"https:\/\/www.realitatea.net\/stiri\/politica\/anca-alexandrescu-mesaj-dupa-decizia-momentului-este-ordin-pe-unitate_67d06dbe64d3ac0a925f6ee8\" target=\"_blank\">respingerea candidaturii lui C\u0103lin Georgescu<\/a> nu face dec\u00e2t s\u0103 ad\u00e2nceasc\u0103 faliile dintre diferitele grupuri politice \u0219i s\u0103 pun\u0103 sub semnul \u00eentreb\u0103rii direc\u021bia \u00een care se \u00eendreapt\u0103 \u021bara.<\/p>","protected":false},"excerpt":{"rendered":"<p>\u201eBun\u0103 seara! Eu nu am oferit nim\u0103nui speran\u021be false. De la bun \u00eenceput, am spus&hellip;<\/p>\n","protected":false},"author":0,"featured_media":38598,"comment_status":"open","ping_status":"open","sticky":false,"template":"","format":"standard","meta":{"footnotes":""},"categories":[3],"tags":[],"class_list":["post-38597","post","type-post","status-publish","format-standard","has-post-thumbnail","hentry","category-politica"],"_links":{"self":[{"href":"https:\/\/247stiri.ro\/index.php\/wp-json\/wp\/v2\/posts\/38597","targetHints":{"allow":["GET"]}}],"collection":[{"href":"https:\/\/247stiri.ro\/index.php\/wp-json\/wp\/v2\/posts"}],"about":[{"href":"https:\/\/247stiri.ro\/index.php\/wp-json\/wp\/v2\/types\/post"}],"replies":[{"embeddable":true,"href":"https:\/\/247stiri.ro\/index.php\/wp-json\/wp\/v2\/comments?post=38597"}],"version-history":[{"count":0,"href":"https:\/\/247stiri.ro\/index.php\/wp-json\/wp\/v2\/posts\/38597\/revisions"}],"wp:featuredmedia":[{"embeddable":true,"href":"https:\/\/247stiri.ro\/index.php\/wp-json\/wp\/v2\/media\/38598"}],"wp:attachment":[{"href":"https:\/\/247stiri.ro\/index.php\/wp-json\/wp\/v2\/media?parent=38597"}],"wp:term":[{"taxonomy":"category","embeddable":true,"href":"https:\/\/247stiri.ro\/index.php\/wp-json\/wp\/v2\/categories?post=38597"},{"taxonomy":"post_tag","embeddable":true,"href":"https:\/\/247stiri.ro\/index.php\/wp-json\/wp\/v2\/tags?post=38597"}],"curies":[{"name":"wp","href":"https:\/\/api.w.org\/{rel}","templated":true}]}}