{"id":38603,"date":"2025-03-11T17:44:55","date_gmt":"2025-03-11T17:44:55","guid":{"rendered":"https:\/\/247stiri.ro\/index.php\/2025\/03\/11\/anca-alexandrescu-mesaj-dupa-decizia-momentului-in-care-a-fost-anuntata-respingerea-definitiva-a-candidaturii-lui-calin-georgescu-este-ordin-pe-unitate\/"},"modified":"2025-03-11T17:44:55","modified_gmt":"2025-03-11T17:44:55","slug":"anca-alexandrescu-mesaj-dupa-decizia-momentului-in-care-a-fost-anuntata-respingerea-definitiva-a-candidaturii-lui-calin-georgescu-este-ordin-pe-unitate","status":"publish","type":"post","link":"https:\/\/247stiri.ro\/index.php\/2025\/03\/11\/anca-alexandrescu-mesaj-dupa-decizia-momentului-in-care-a-fost-anuntata-respingerea-definitiva-a-candidaturii-lui-calin-georgescu-este-ordin-pe-unitate\/","title":{"rendered":"Anca Alexandrescu, mesaj dup\u0103 decizia momentului \u00een care a fost anun\u021bat\u0103 respingerea definitiv\u0103 a candidaturii lui C\u0103lin Georgescu: \u201eEste ordin pe unitate!\u201d"},"content":{"rendered":"<p>\u201eBun\u0103 seara! A\u0219a cum am anticipat, este ordin pe unitate. M\u0103 a\u0219teptam la aceast\u0103 decizie. Nu aveau cum s\u0103 dea \u00eenapoi. S-ar fi contrazis pe linie cu tot ceea ce au f\u0103cut \u00een trecut. M\u0103 intereseaz\u0103, \u00eens\u0103, s\u0103 v\u0103d dac\u0103 Iulia Sc\u00e2ntei, judec\u0103torul Iulia Sc\u00e2ntei va avea o opinie separat\u0103 a\u0219a cum am avut \u0219i \u00een cazul deciziei doamnei Diana \u0218o\u0219oac\u0103 c\u00e2nd argumenta foarte clar c\u0103 at\u00e2t CCR, c\u00e2t \u0219i BEC, nu pot s\u0103 ia o decizie prin evaluarea declara\u021biilor \u0219i atitudinilor ale candidatului, ci doar prin prisma a ceea ce prevede legea. Nu se poate ad\u0103uga la lege, probabil c\u0103 de data aceasta, au trecut cu vederea judec\u0103torii CCR. Era previzibil! Acum, a\u0219a cum am spus de c\u00e2teva zile, a\u0219tept\u0103m decizia domnului C\u0103lin Georgescu&#8230;ce are de g\u00e2nd s\u0103 fac\u0103 mai departe, dac\u0103 va sus\u021bine pe altcineva.<\/p>\n<p>V\u0103d c\u0103 deja tunurile s-au pus pe George Simion, pentru c\u0103 toat\u0103 lumea \u00a0a anticipat c\u0103 George Simion ar putea fi cel care ar candida \u00een locul lui C\u0103lin Georgescu. R\u0103m\u00e2ne de v\u0103zut ce se va \u00eent\u00e2mpla \u00een orele urm\u0103toare.<\/p>\n<p>Sunt dezam\u0103git\u0103 \u0219i de oamenii care comenteaz\u0103 pe Facebook \u0219i dau like-uri, dar nu i-am v\u0103zut \u00een strad\u0103 s\u0103-\u0219i apere drepturile. \u00centr-un fel, ne merit\u0103m soarta, ca s\u0103 zic a\u0219a, dup\u0103 tot ceea ce am v\u0103zut \u00een aceste zile. Prea pu\u021bini oameni \u00een strad\u0103, vor s\u0103 rezolve altcineva problemele lor. Eu n-am a\u0219tept\u0103ri nici de la americani, nici de la Bruxelles. Eu cred c\u0103 doar cet\u0103\u021benii rom\u00e2ni pot s\u0103 schimbe soarta Rom\u00e2niei \u0219i s\u0103-\u0219i recapete \u021bara a\u0219a cum au spus de nenum\u0103rate ori&#8230;c\u0103-\u0219i doresc acest lucru. Din p\u0103cate, asta este dictatura \u00een care tr\u0103im. \u00cencep\u00e2nd cu 6 decembrie tr\u0103im \u00eentr-o dictatur\u0103, probabil se va ad\u00e2nci \u00een perioada urm\u0103toare, dar nu cred c\u0103 va dura foarte mult pentru c\u0103 schimbarea, inevitabil, va veni \u0219i \u00een Europa, oric\u00e2t vor opune rezisten\u021b\u0103. M\u0103 \u00eengrijoreaz\u0103 cel mai tare, lucrul de care m\u0103 tem cel mai mult, este c\u0103 Rom\u00e2nia va pica din nou \u00een lupta dintre Uniunea European\u0103 \u0219i Statele Unite, dar despre asta o s\u0103 vorbim disear\u0103 de la ora 21:00. Acum, sper c\u0103 o se lini\u0219teasc\u0103 \u0219i celelalte televiziuni \u0219i nu vor mai promova fake-uri, iar CNA-ul va lua m\u0103suri a\u0219a cum a luat \u0219i \u00eempotriva noastr\u0103 pentru o gre\u0219eal\u0103 nevinovat\u0103. S\u0103 sanc\u021bioneze fake-urile, care de trei luni de zile sunt pe toate posturile de televiziune \u0219i toat\u0103 lumea se face c\u0103 nu le vede.\u201d, a transmis<a href=\"https:\/\/www.realitatea.net\/stiri\/actual\/protestul-democratiei-astazi-se-decide-soarta-lui-calin-georgescu-mobilizare-uriasa-in-toata-tara-romanii-se-strang-deja-la-ccr-live-text-si-video_67d00a6b8c212a45ea5c8ac2\" target=\"_blank\"> jurnalista Anca Alexandrescu<\/a> \u00een direct la Realitatea PLUS.<\/p>","protected":false},"excerpt":{"rendered":"<p>\u201eBun\u0103 seara! A\u0219a cum am anticipat, este ordin pe unitate. M\u0103 a\u0219teptam la aceast\u0103 decizie.&hellip;<\/p>\n","protected":false},"author":0,"featured_media":38604,"comment_status":"open","ping_status":"open","sticky":false,"template":"","format":"standard","meta":{"footnotes":""},"categories":[3],"tags":[],"class_list":["post-38603","post","type-post","status-publish","format-standard","has-post-thumbnail","hentry","category-politica"],"_links":{"self":[{"href":"https:\/\/247stiri.ro\/index.php\/wp-json\/wp\/v2\/posts\/38603","targetHints":{"allow":["GET"]}}],"collection":[{"href":"https:\/\/247stiri.ro\/index.php\/wp-json\/wp\/v2\/posts"}],"about":[{"href":"https:\/\/247stiri.ro\/index.php\/wp-json\/wp\/v2\/types\/post"}],"replies":[{"embeddable":true,"href":"https:\/\/247stiri.ro\/index.php\/wp-json\/wp\/v2\/comments?post=38603"}],"version-history":[{"count":0,"href":"https:\/\/247stiri.ro\/index.php\/wp-json\/wp\/v2\/posts\/38603\/revisions"}],"wp:featuredmedia":[{"embeddable":true,"href":"https:\/\/247stiri.ro\/index.php\/wp-json\/wp\/v2\/media\/38604"}],"wp:attachment":[{"href":"https:\/\/247stiri.ro\/index.php\/wp-json\/wp\/v2\/media?parent=38603"}],"wp:term":[{"taxonomy":"category","embeddable":true,"href":"https:\/\/247stiri.ro\/index.php\/wp-json\/wp\/v2\/categories?post=38603"},{"taxonomy":"post_tag","embeddable":true,"href":"https:\/\/247stiri.ro\/index.php\/wp-json\/wp\/v2\/tags?post=38603"}],"curies":[{"name":"wp","href":"https:\/\/api.w.org\/{rel}","templated":true}]}}