{"id":38609,"date":"2025-03-11T17:44:58","date_gmt":"2025-03-11T17:44:58","guid":{"rendered":"https:\/\/247stiri.ro\/index.php\/2025\/03\/11\/liderul-suveranistilor-george-simion-prima-reactie-dupa-ce-ccr-a-blocat-definitiv-candidatura-lui-calin-georgescu\/"},"modified":"2025-03-11T17:44:58","modified_gmt":"2025-03-11T17:44:58","slug":"liderul-suveranistilor-george-simion-prima-reactie-dupa-ce-ccr-a-blocat-definitiv-candidatura-lui-calin-georgescu","status":"publish","type":"post","link":"https:\/\/247stiri.ro\/index.php\/2025\/03\/11\/liderul-suveranistilor-george-simion-prima-reactie-dupa-ce-ccr-a-blocat-definitiv-candidatura-lui-calin-georgescu\/","title":{"rendered":"Liderul suverani\u0219tilor, George Simion, prima reac\u021bie dup\u0103 ce CCR a blocat definitiv candidatura lui C\u0103lin Georgescu"},"content":{"rendered":"<p>\u201eRu\u0219ine! Ru\u0219ine! Ru\u0219ine!Nu ne ve\u021bi \u00eenvinge! Deja poporul rom\u00e2n s-a trezit! \u0218i va fi \u00eenving\u0103tor! CG\u201d, a scris liderul AUR pe pagina sa oficial\u0103 de Facebook.<\/p>\n\n<p><a title='George Simion riposteaza impotriva celor care au cerut scoaterea sa din viata publica. ,,Vreti sa ne pacaliti sa aruncam pietre unii impotriva celorlalti\"' href=\"https:\/\/www.realitatea.net\/stiri\/actual\/george-simion-riposteaza-impotriva-celor-care-au-cerut-scoaterea-sa-din-viata-publica-vreti-sa-ne-pacaliti-sa-aruncam-pietre-unii-impotriva-celorlalti_67d05b973164da2f5f294dfd\">George Simion riposteaz\u0103 \u00eempotriva celor care au cerut scoaterea sa din via\u021ba public\u0103. \u201eVre\u021bi s\u0103 ne p\u0103c\u0103li\u021bi s\u0103 arunc\u0103m pietre unii \u00eempotriva celorlal\u021bi\u201d<\/a><\/p>\n<p>\u00a0<\/p>","protected":false},"excerpt":{"rendered":"<p>\u201eRu\u0219ine! Ru\u0219ine! Ru\u0219ine!Nu ne ve\u021bi \u00eenvinge! Deja poporul rom\u00e2n s-a trezit! \u0218i va fi \u00eenving\u0103tor!&hellip;<\/p>\n","protected":false},"author":0,"featured_media":38606,"comment_status":"open","ping_status":"open","sticky":false,"template":"","format":"standard","meta":{"footnotes":""},"categories":[2],"tags":[],"class_list":["post-38609","post","type-post","status-publish","format-standard","has-post-thumbnail","hentry","category-actual"],"_links":{"self":[{"href":"https:\/\/247stiri.ro\/index.php\/wp-json\/wp\/v2\/posts\/38609","targetHints":{"allow":["GET"]}}],"collection":[{"href":"https:\/\/247stiri.ro\/index.php\/wp-json\/wp\/v2\/posts"}],"about":[{"href":"https:\/\/247stiri.ro\/index.php\/wp-json\/wp\/v2\/types\/post"}],"replies":[{"embeddable":true,"href":"https:\/\/247stiri.ro\/index.php\/wp-json\/wp\/v2\/comments?post=38609"}],"version-history":[{"count":0,"href":"https:\/\/247stiri.ro\/index.php\/wp-json\/wp\/v2\/posts\/38609\/revisions"}],"wp:featuredmedia":[{"embeddable":true,"href":"https:\/\/247stiri.ro\/index.php\/wp-json\/wp\/v2\/media\/38606"}],"wp:attachment":[{"href":"https:\/\/247stiri.ro\/index.php\/wp-json\/wp\/v2\/media?parent=38609"}],"wp:term":[{"taxonomy":"category","embeddable":true,"href":"https:\/\/247stiri.ro\/index.php\/wp-json\/wp\/v2\/categories?post=38609"},{"taxonomy":"post_tag","embeddable":true,"href":"https:\/\/247stiri.ro\/index.php\/wp-json\/wp\/v2\/tags?post=38609"}],"curies":[{"name":"wp","href":"https:\/\/api.w.org\/{rel}","templated":true}]}}