{"id":38612,"date":"2025-03-11T18:45:10","date_gmt":"2025-03-11T18:45:10","guid":{"rendered":"https:\/\/247stiri.ro\/index.php\/2025\/03\/11\/curtea-constitutionala-anunt-oficial-privind-respingerea-inregistrarii-candidaturii-lui-calin-georgescu\/"},"modified":"2025-03-11T18:45:10","modified_gmt":"2025-03-11T18:45:10","slug":"curtea-constitutionala-anunt-oficial-privind-respingerea-inregistrarii-candidaturii-lui-calin-georgescu","status":"publish","type":"post","link":"https:\/\/247stiri.ro\/index.php\/2025\/03\/11\/curtea-constitutionala-anunt-oficial-privind-respingerea-inregistrarii-candidaturii-lui-calin-georgescu\/","title":{"rendered":"Curtea Constitu\u021bional\u0103, ANUN\u021a OFICIAL privind respingerea \u00eenregistr\u0103rii candidaturii lui C\u0103lin Georgescu"},"content":{"rendered":"<p>&#8222;\u00cen \u0219edin\u021ba din data de 11 martie 2025, Curtea Constitu\u021bional\u0103, \u00een cadrul atribu\u021biei privind respectarea procedurii pentru alegerea Pre\u0219edintelui Rom\u00e2niei, a luat \u00een dezbatere 16 contesta\u021bii.<\/p>\n<p>\u00cen urma deliber\u0103rilor, cu unanimitate de voturi, Curtea Constitu\u021bional\u0103 a respins contesta\u021biile formulate \u00eempotriva:<\/p>\n<p>\u2013 \u00a0 Deciziei Biroului Electoral Central nr.17D din 9 martie 2025 privind \u00eenregistrarea candidaturii independente a domnului Nicu\u0219or-Daniel Dan \u0219i a semnului electoral la alegerile pentru Pre\u0219edintele Rom\u00e2niei din anul 2025;<\/p>\n<p>\u2013 \u00a0 Deciziei Biroului Electoral Central nr.18D din 9 martie 2025 privind respingerea \u00eenregistr\u0103rii candidaturii independente a domnului C\u0103lin Georgescu la alegerile pentru Pre\u0219edintele Rom\u00e2niei din anul 2025, precum \u0219i a semnului electoral.<\/p>\n<p>Hot\u0103r\u00e2rile sunt definitive \u015fi se comunic\u0103 Biroului Electoral Central.<\/p>\n<p>Argumentele re\u021binute \u00een motivarea solu\u021biilor pronun\u021bate de Plenul Cur\u021bii Constitu\u021bionale vor fi prezentate \u00een cuprinsul hot\u0103r\u00e2rilor, care se vor publica \u00een Monitorul Oficial al Rom\u00e2niei, Partea I&#8221;, anun\u021b\u0103 CCR, \u00eentr-un comunicat de pres\u0103.<\/p>","protected":false},"excerpt":{"rendered":"<p>&#8222;\u00cen \u0219edin\u021ba din data de 11 martie 2025, Curtea Constitu\u021bional\u0103, \u00een cadrul atribu\u021biei privind respectarea&hellip;<\/p>\n","protected":false},"author":0,"featured_media":38613,"comment_status":"open","ping_status":"open","sticky":false,"template":"","format":"standard","meta":{"footnotes":""},"categories":[3],"tags":[],"class_list":["post-38612","post","type-post","status-publish","format-standard","has-post-thumbnail","hentry","category-politica"],"_links":{"self":[{"href":"https:\/\/247stiri.ro\/index.php\/wp-json\/wp\/v2\/posts\/38612","targetHints":{"allow":["GET"]}}],"collection":[{"href":"https:\/\/247stiri.ro\/index.php\/wp-json\/wp\/v2\/posts"}],"about":[{"href":"https:\/\/247stiri.ro\/index.php\/wp-json\/wp\/v2\/types\/post"}],"replies":[{"embeddable":true,"href":"https:\/\/247stiri.ro\/index.php\/wp-json\/wp\/v2\/comments?post=38612"}],"version-history":[{"count":0,"href":"https:\/\/247stiri.ro\/index.php\/wp-json\/wp\/v2\/posts\/38612\/revisions"}],"wp:featuredmedia":[{"embeddable":true,"href":"https:\/\/247stiri.ro\/index.php\/wp-json\/wp\/v2\/media\/38613"}],"wp:attachment":[{"href":"https:\/\/247stiri.ro\/index.php\/wp-json\/wp\/v2\/media?parent=38612"}],"wp:term":[{"taxonomy":"category","embeddable":true,"href":"https:\/\/247stiri.ro\/index.php\/wp-json\/wp\/v2\/categories?post=38612"},{"taxonomy":"post_tag","embeddable":true,"href":"https:\/\/247stiri.ro\/index.php\/wp-json\/wp\/v2\/tags?post=38612"}],"curies":[{"name":"wp","href":"https:\/\/api.w.org\/{rel}","templated":true}]}}