{"id":38614,"date":"2025-03-11T18:45:11","date_gmt":"2025-03-11T18:45:11","guid":{"rendered":"https:\/\/247stiri.ro\/index.php\/2025\/03\/11\/calin-georgescu-anunt-crucial-pentru-toti-romanii-dupa-ce-curtea-constitutionala-i-a-blocat-definitiv-candidatura-la-prezidentiale-live-text-si-video\/"},"modified":"2025-03-11T18:45:11","modified_gmt":"2025-03-11T18:45:11","slug":"calin-georgescu-anunt-crucial-pentru-toti-romanii-dupa-ce-curtea-constitutionala-i-a-blocat-definitiv-candidatura-la-prezidentiale-live-text-si-video","status":"publish","type":"post","link":"https:\/\/247stiri.ro\/index.php\/2025\/03\/11\/calin-georgescu-anunt-crucial-pentru-toti-romanii-dupa-ce-curtea-constitutionala-i-a-blocat-definitiv-candidatura-la-prezidentiale-live-text-si-video\/","title":{"rendered":"C\u0103lin Georgescu, ANUN\u021a CRUCIAL pentru to\u021bi rom\u00e2nii, dup\u0103 ce Curtea Constitu\u021bional\u0103 i-a blocat DEFINITIV candidatura la preziden\u021biale &#8211; LIVE TEXT \u0219i VIDEO"},"content":{"rendered":"<p>Realitatea PLUS, televiziunea poporului, transmite LIVE mesajul lui C\u0103lin Georgescu:<\/p>\n<p>Mesajul lui C\u0103lin Georgescu:<\/p>\n<p>\u00a0<\/p>\n\n<p>Dragii mei, bun\u0103 seara! \u00cen aceast\u0103 campanie, \u00een aceast\u0103 chemare, a\u0219a cum am numit-o, nu despre mine a fost vorba vreodat\u0103. Pentru mine a\u021bi contat voi, poporul, nu eu. Nu a fost \u0219i nu este vorba despre omul C\u0103lin Georgescu. Putea fi oricare alt\u0103 persoan\u0103. Sistemul nu accept\u0103 pe nimeni din afara lui. De aceea eu am spus c\u0103 nu schimb\u0103m omul, ci schimb\u0103m sistemul.<\/p>\n<p>Practic, oricare dintre voi ar fi fost \u00een locul meu, ar fi putut ajunge pre\u0219edinte spun\u00e2nd adev\u0103rul \u0219i dorind binele acestei \u021b\u0103ri. Desigur, \u00eens\u0103, sistemul nu l-ar fi acceptat pe baza acestor idei \u0219i pe baza acestui discurs. Pentru prima dat\u0103, \u00een 35 de ani, eu, al\u0103turi de voi, am venit \u0219i am spus adev\u0103rul. Am vorbit despre corup\u021bie, despre dreptul \u00eengr\u0103dit ale poporului, despre umiliin\u021bele \u0219i nedrept\u0103\u021bile la care suntem supu\u0219i. \u0218i cel mai important, am venit cu solu\u021biile prin programul de \u021bar\u0103 Hran\u0103, ap\u0103, energie. Clar \u0219i precis, adic\u0103 prin noi \u00een\u0219ine, independen\u021bi, suverani \u0219i demni.Am cerut pace \u00eentre noi to\u021bi. Pace pentru \u021bara noastr\u0103. Pace \u00een lume \u0219i am solicitat \u00eens\u0103\u0219i sistemului s\u0103 revin\u0103 \u00een slujba oamenilor. Am fost \u0219i vreau s\u0103 r\u0103m\u00e2n un pre\u0219edinte al p\u0103cii. Am vrut ca Bucure\u0219tiul s\u0103 fie capitala p\u0103cii \u0219i Rom\u00e2nia s\u0103 fie o Elve\u021bie a r\u0103s\u0103ritului. Ca s\u0103 ajungem acolo, este nevoie s\u0103 privim realitatea \u00een ochi.<\/p>\n<p>\u00cen loc s\u0103 spun c\u0103 \u00een \u021bar\u0103 curge lapte \u0219i miere, cum spun politicienii sistemului, eu am venit \u00een fa\u021ba voastr\u0103 \u0219i am spus c\u0103 p\u00e2n\u0103 s\u0103 curg\u0103 lapte \u0219i miere, acum este s\u0103r\u0103cie \u0219i triste\u021be, \u0219i nu mai vreau asta pentru poporul meu.<\/p>\n<p>Am spus c\u0103 vreau s\u0103 vin\u0103 rom\u00e2nii de peste hotare \u00eenapoi acas\u0103. \u0218i cred c\u0103 acolo am sup\u0103rat cel mai tare interesele Uniunii Europene pentru c\u0103 ei nu v\u0103 vor \u00eenapoi acas\u0103. Au nevoie de salahori \u00een toate domeniile de activitate.\u00a0<\/p>\n<p>A\u021bi v\u0103zut sau a\u021bi auzit, \u00een afar\u0103 de mine, vreun alt candidat la pre\u0219edin\u021bie \u00een aceast\u0103 campanie, \u00een aceast\u0103 chemare, vorbind despre corup\u021bie? De\u0219i suntem cea mai corupt\u0103 \u021bar\u0103 din Europa? Nu. Ei nu vorbesc despre corup\u021bie. De ce oare?<\/p>\n<p>\u00cen fa\u021ba sistemului, c\u00e2nd spui adev\u0103rul comi\u021bi p\u0103catul capital, a spune adev\u0103rul este o r\u0103zvr\u0103tire, o adev\u0103rat\u0103 revolu\u021bie. Nu vor s\u0103 aud\u0103 adev\u0103rul pentru c\u0103 adev\u0103rul doare \u0219i atunci vor s\u0103 ne cenzureze drepturile cu orice pre\u021b \u0219i s\u0103 tr\u0103im \u00een minciuna lor pentru totdeauna.<\/p>\n<p>Sistemul este violent fizic \u0219i psihic. Violen\u021ba sa vine din ura profund\u0103 pe care o are fa\u021b\u0103 de poporul pe care trebuia s\u0103-l protejeze , \u0219i nu s\u0103-l abuzeze. Violen\u021ba a \u00eenceput din interiorul sistemuluic\u0103tre popor, \u0219i nu invers.\u00a0<\/p>\n<p>Eu v\u0103 mul\u021bumesc tuturor. \u0218tiu c\u0103 \u00een inimile voastre arde sentimentul de nedreptate \u0219i este normal s\u0103 fie a\u0219a. Dar s\u0103 fim sinceri \u0219i cu noi. Am ajuns aici \u0219i din cauza noastr\u0103, a tuturor celor care am privit de la distan\u021b\u0103, care ne-am bazat \u0219i am a\u0219teptat pe al\u021bii \u00een loc s\u0103 ne baz\u0103m pe noi.<\/p>\n<p>Am crezut c\u0103 va veni mereu cineva s\u0103 ne salveze, c\u0103 cineva va ac\u021biona \u00een locul nostru.\u00a0<\/p>\n<p>Sigur, nu se poate a\u0219a ceva. Deci da, am gre\u0219it \u0219i noi c\u0103 am l\u0103sat 35 de ani totul \u00een seama altora: a Uniunii Europene pentru bani, a NATO pentru ap\u0103rare, a Statelor Unite ale Americii pentru a ne salva chiar \u0219i din propriile alegeri.\u00a0<\/p>\n<p>A\u0219a am ajuns s\u0103 depindem de al\u021bii \u0219i acum ne-am trezit c\u0103 nu suntem \u00een stare s\u0103 ne decidem singuri. Acum \u0219ase luni eu v-am chemat la o trezire \u00een con\u0219tiin\u021b\u0103. Asta a fost misiunea mea, explic\u00e2nd \u0219i expun\u00e2nd realitatea \u00een care ne afl\u0103m. Misiunea s-a realizat. Poporul rom\u00e2n s-a trezit \u00een con\u0219tiin\u021b\u0103 pentru a se putea salva\u0219i este capabil de asta, cu siguran\u021b\u0103.\u00a0<\/p>\n<p>Nu este misiunea unui om cu at\u00e2t mai pu\u021bin a mea de a salva poporul rom\u00e2n \u0219i niciun caz de unul singur. Nimeni nu ar putea reface ce s-a distrus sau ce-au distrus al\u021bii \u00een 35 de ani. Misiunea de a schimba \u00een bine apar\u021bine unei \u021b\u0103ri \u00eentregi, unui \u00eentreg popor, nu unui singur om.<\/p>\n<p>De aceea am vorbit permanent despre o chemare unii cu al\u021bii \u0219i noi to\u021bi cu Dumnezeu. Libertatea presupune ca voi to\u021bi s\u0103 fi\u021bi liberi \u00een con\u0219tiin\u021b\u0103. Alegerile corecte au fost mereu \u00een m\u00e2inile \u0219i \u00een inimile voastre \u0219i aici nu m\u0103 refer doar la alegerile electorale, ci la orice fel de alegere.<\/p>\n<p>Voi sunte\u021bi cei care trebuie s\u0103 alege\u021bi ce v\u0103 dori\u021bi pentru viitor \u0219i n\u0103d\u0103jduiesc din tot sufletul c\u0103 de acum s\u0103 o face\u021bi cu toat\u0103 con\u0219tiin\u021ba voastr\u0103.\u00a0<\/p>\n<p>Consider c\u0103 misiunea mea a fost \u00eendeplinit\u0103. Am expus demonul \u00een toat\u0103 hido\u0219enia lui prin tot ceea ce am putut face cu toat\u0103 fiin\u021ba mea. Acum, odat\u0103 ce vezi cum arat\u0103 iadul, devine alegerea fiec\u0103ruia dac\u0103 \u0219i face pactul cu diavolul sau dac\u0103 r\u0103m\u00e2ne cu credin\u021b\u0103 \u00een Dumnezeu.\u00a0<\/p>\n<p>\u00cempreun\u0103 am parcurs un drum al Golgotei. Am jerfit \u0219i am sperat fiecare dintre noi.<\/p>\n<p>Pare \u00eens\u0103 c\u0103 dup\u0103 dou\u0103 mii de ani suntem \u00een continuare \u00een aceea\u0219i stare, aceia\u0219i oameni, ne ducem crucea \u0219i ne accept\u0103m soarta f\u0103r\u0103 s\u0103 dovedim statornicie \u00een unitatea \u0219i \u00een credin\u021ba noastr\u0103 pentru adev\u0103r \u0219i pentru dreptate.\u00a0<\/p>\n<p>Totul este a\u0219a cum trebuie s\u0103 fie. Nu e nevoie s\u0103 fim iu\u021bi la judecat\u0103 \u0219i s\u0103 ne condamn\u0103m unii pe al\u021bii.<\/p>\n<p>Eu n\u0103d\u0103jduiesc totu\u0219i, c\u0103 \u00een aceste luni am deschis min\u021bile \u0219i sufletele c\u0103tre adev\u0103r. Am expus lumea real\u0103 \u00een care tr\u0103im. Dincolo de metafore biblice, acum a\u021bi avut ocazia s\u0103 vede\u021bi adev\u0103rul cel adev\u0103rat cu ochii vo\u0219tri.<\/p>\n<p>Ce se \u00eent\u00e2mpl\u0103 dovede\u0219te c\u0103 nu suntem liberi nici \u00een Rom\u00e2nia, nici \u00een Europa. Se \u00eencearc\u0103 din r\u0103zputeri, uneori cu orice pre\u021b, s\u0103 fim \u00eempin\u0219i spre supunere total\u0103. De exemplu, \u00een a\u0219a zisa pandemie, s-a f\u0103cut primul experiment c\u00e2nd ne-au \u00eenchis \u00een case, au scos armata pe str\u0103zi \u0219i ne-au interzis credin\u021ba, bisericile \u0219i morm\u00e2nt\u0103rile.<\/p>\n<p>Atunci am picat testul, pu\u021bini au ie\u0219it s\u0103 spun\u0103 c\u0103 nu era normal ce se \u00eent\u00e2mpl\u0103. Foarte pu\u021bini. Dar important c\u0103 a fost.\u00a0<\/p>\n<p>Sistemul ne-a testat. A \u00eenv\u0103\u021bat \u0219i a \u00een\u021beles c\u0103 majoritar suntem supu\u0219i sau predispu\u0219i s\u0103 ne supunem. Iar dup\u0103 tot ce s-a \u00eent\u00e2mplat azi la Curtea Constitu\u021bional\u0103, de altfel \u00een ultimele luni, v\u0103 spun c\u0103 voi r\u0103m\u00e2ne ferm \u00een semnalul meu pentru libertate, democra\u021bie, pace \u0219i demnitate.<\/p>\n<p>Dac\u0103 dori\u021bi s\u0103 sus\u021bine\u021bi orice persoan\u0103 prin semnarea unor noi liste de candidatur\u0103, v\u0103 rog s\u0103 o face\u021bi cum v\u0103 dicteaz\u0103 con\u0219tiin\u021ba. Pare c\u0103 \u00een aceste momente democra\u021bia \u0219i libertatea \u00ee\u0219i dau ultima suflare \u0219i de aceea au nevoie, mai mult ca oric\u00e2nd s\u0103 ar\u0103t\u0103m democratic \u0219i \u00een pace c\u0103 alegerea noastr\u0103 conteaz\u0103 p\u00e2n\u0103 \u00een ultimul moment.\u00a0<\/p>\n<p>V\u0103 spun \u00eenc\u0103 o dat\u0103: noi suntem poporul. Noi r\u0103m\u00e2nem Rom\u00e2nia. V\u0103 mul\u021bumesc. A fost o onoare s\u0103 fim \u00eempreun\u0103 \u00een aceast\u0103 chemare istoric\u0103.<\/p>","protected":false},"excerpt":{"rendered":"<p>Realitatea PLUS, televiziunea poporului, transmite LIVE mesajul lui C\u0103lin Georgescu: Mesajul lui C\u0103lin Georgescu: \u00a0&hellip;<\/p>\n","protected":false},"author":0,"featured_media":38615,"comment_status":"open","ping_status":"open","sticky":false,"template":"","format":"standard","meta":{"footnotes":""},"categories":[3],"tags":[],"class_list":["post-38614","post","type-post","status-publish","format-standard","has-post-thumbnail","hentry","category-politica"],"_links":{"self":[{"href":"https:\/\/247stiri.ro\/index.php\/wp-json\/wp\/v2\/posts\/38614","targetHints":{"allow":["GET"]}}],"collection":[{"href":"https:\/\/247stiri.ro\/index.php\/wp-json\/wp\/v2\/posts"}],"about":[{"href":"https:\/\/247stiri.ro\/index.php\/wp-json\/wp\/v2\/types\/post"}],"replies":[{"embeddable":true,"href":"https:\/\/247stiri.ro\/index.php\/wp-json\/wp\/v2\/comments?post=38614"}],"version-history":[{"count":0,"href":"https:\/\/247stiri.ro\/index.php\/wp-json\/wp\/v2\/posts\/38614\/revisions"}],"wp:featuredmedia":[{"embeddable":true,"href":"https:\/\/247stiri.ro\/index.php\/wp-json\/wp\/v2\/media\/38615"}],"wp:attachment":[{"href":"https:\/\/247stiri.ro\/index.php\/wp-json\/wp\/v2\/media?parent=38614"}],"wp:term":[{"taxonomy":"category","embeddable":true,"href":"https:\/\/247stiri.ro\/index.php\/wp-json\/wp\/v2\/categories?post=38614"},{"taxonomy":"post_tag","embeddable":true,"href":"https:\/\/247stiri.ro\/index.php\/wp-json\/wp\/v2\/tags?post=38614"}],"curies":[{"name":"wp","href":"https:\/\/api.w.org\/{rel}","templated":true}]}}