{"id":38620,"date":"2025-03-11T18:45:14","date_gmt":"2025-03-11T18:45:14","guid":{"rendered":"https:\/\/247stiri.ro\/index.php\/2025\/03\/11\/claudiu-tarziu-despre-urmatoarea-miscare-a-aur-dupa-interzicerea-candidaturii-lui-calin-georgescu\/"},"modified":"2025-03-11T18:45:14","modified_gmt":"2025-03-11T18:45:14","slug":"claudiu-tarziu-despre-urmatoarea-miscare-a-aur-dupa-interzicerea-candidaturii-lui-calin-georgescu","status":"publish","type":"post","link":"https:\/\/247stiri.ro\/index.php\/2025\/03\/11\/claudiu-tarziu-despre-urmatoarea-miscare-a-aur-dupa-interzicerea-candidaturii-lui-calin-georgescu\/","title":{"rendered":"Claudiu T\u00e2rziu, despre urm\u0103toarea mi\u0219care a AUR dup\u0103 interzicerea candidaturii lui C\u0103lin Georgescu"},"content":{"rendered":"<p>Claudiu T\u00e2rziu a afirmat c\u0103 utilizarea institu\u021biilor statului pentru a elimina adversarii politici nu poate fi tolerat\u0103 \u00eentr-o democra\u021bie. T\u00e2rziu a avertizat c\u0103 acest precedent ar putea deschide o \u201ecutie a Pandorei\u201d, l\u0103s\u00e2nd loc pentru eliminarea oric\u0103rui candidat care nu se aliniaz\u0103 cu actuala putere.<\/p>\n<p>\u00cen contextul acestei situa\u021bii, \u00eentrebarea care se pune acum este: care va fi urm\u0103toarea mi\u0219care politic\u0103 a AUR? T\u00e2rziu a anun\u021bat c\u0103 partidul va propune un candidat care are \u0219anse reale de a c\u00e2\u0219tiga, l\u0103s\u00e2nd s\u0103 se \u00een\u021beleag\u0103 c\u0103 op\u021biunile sunt deja \u00een discu\u021bie. De\u0219i surse din pres\u0103 sugereaz\u0103 c\u0103 AUR ar avea deja semn\u0103turile necesare pentru candidatura lui George Simion, T\u00e2rziu nu a confirmat aceste informa\u021bii.<\/p>\n<p>El a men\u021bionat c\u0103, \u00een cazul \u00een care partidul \u00eei va cere s\u0103 candideze, nu va putea refuza o astfel de propunere, dar a subliniat c\u0103 \u00een prezent nu de\u021bine semn\u0103turile necesare.\u00a0<\/p>\n<p>Realitatea Plus: Ne \u00eentreb\u0103m dac\u0103 vom avea un candidat din partea opozi\u021biei, din partea celor care reprezint\u0103 curentul suveranist. Am v\u0103zut c\u0103 a\u021bi declarat c\u0103 din punctul dumneavoastr\u0103 de vedere, dac\u0103 partidul v\u0103 va cere, ve\u021bi candida. Mai ave\u021bi timp s\u0103 str\u00e2nge\u021bi semn\u0103turi? Ce pute\u021bi s\u0103 ne spune\u021bi legat de \u0219edin\u021ba care se desf\u0103\u0219oar\u0103 \u00een aceste momente la sediul partidului?<\/p>\n<p><a title=\"Liderul suveranistilor, George Simion, prima reactie dupa ce CCR a blocat definitiv candidatura lui Calin Georgescu\" href=\"https:\/\/www.realitatea.net\/stiri\/actual\/liderul-suveranistilor-george-simion-prima-reactie-dupa-ce-ccr-a-blocat-definitiv-candidatura-lui-calin-georgescu_67d06babe7683209616d7dcc\">Liderul suverani\u0219tilor, George Simion, prima reac\u021bie dup\u0103 ce CCR a blocat definitiv candidatura lui C\u0103lin Georgescu<\/a><\/p>\n<p>Claudiu T\u00e2rziu: \u00cent\u00e2i de toate a\u0219 face o remarc\u0103, pentru c\u0103 evenimentul din aceast\u0103 sear\u0103 este unul extrem de grav. Dup\u0103 opinia mea, regimul de la Bucure\u0219ti s-a desp\u0103r\u021bit ast\u0103zi definitiv de na\u021biunea rom\u00e2n\u0103 \u0219i a ingenunchiat \u00een fa\u021ba grupurilor de interese politico-economice transna\u021bionale care \u021bin Rom\u00e2nia captiv\u0103. Acest lucru trebuie s\u0103 ne \u00eengrijoreze \u00een cel mai \u00eenalt grad. \u00centreaga republic\u0103 s-a pr\u0103bu\u0219it \u00een promiscuitate, corup\u021bie \u0219i la\u0219itate. Nu este permis ca \u00een lupta politic\u0103 s\u0103 folose\u0219ti institu\u021biile de stat pentru a elimina adversarii \u0219i astfel s\u0103 creezi anumite avantaje \u0219i s\u0103 po\u021bi s\u0103 te men\u021bii la putere. A\u0219a ceva nu este permis \u00eentr-un regim democratic, \u00eentr-un stat care se pretinde de drept. Deci am \u00eencheiat-o cu statul de drept, punem \u00een cui libertatea de a vota dup\u0103 con\u0219tiin\u021b\u0103, \u0219i mai mult dec\u00e2t at\u00e2t, deschidem o cutie a Pandorei. Ce ne putem a\u0219tepta? C\u0103 oricine va candida \u0219i nu va fi pe placul puterii va fi blocat? La asta s\u0103 ne a\u0219tept\u0103m? S\u0103 ne a\u0219tept\u0103m c\u0103 peste o treime din electoratul rom\u00e2n risc\u0103 s\u0103 nu aib\u0103 un reprezentant \u00een b\u0103t\u0103lia electoral\u0103?<\/p>\n<p>Realitatea Plus: Este t\u00e2rziu?<\/p>\n<p>Claudiu T\u00e2rziu: Eu v\u0103 spun ceea ce cred c\u0103 trebuie spus ca s\u0103 lu\u0103m cele mai bune m\u0103suri pentru asta. \u00cen rest, r\u0103spunsul este simplu de tot. Evident c\u0103 noi vom propune un candidat care are \u0219anse s\u0103 c\u00e2\u0219tige aceast\u0103 lupt\u0103. Sper\u0103m s\u0103 fie l\u0103sat s\u0103 lupte.<\/p>\n<p>Realitatea Plus: Presa spune pe surse c\u0103 AUR ar avea deja preg\u0103tite cele 200.000 de semn\u0103turi necesare pentru candidatura lui George Simion. Ce pute\u021bi s\u0103 ne spune\u021bi?<\/p>\n<p>Claudiu T\u00e2rziu: Nu v\u0103 pot confirma acest lucru \u0219i nu cred c\u0103 cineva se \u00eendoie\u0219te de capacitatea partidului AUR de a se mobiliza \u0219i de a aduna semn\u0103turile necesare pentru a \u00eendeplini condi\u021biile formale de depunere a unei candidaturi la pre\u0219edin\u021bie.<\/p>\n<p>Realitatea Plus: A\u021bi afirmat c\u0103 dac\u0103 partidul o va cere, ve\u021bi candida. \u00censeamn\u0103 c\u0103 v\u0103 apuca\u021bi s\u0103 str\u00e2nge\u021bi semn\u0103turile sau c\u0103 le ave\u021bi?<\/p>\n<p>Claudiu T\u00e2rziu: Nu, am spus c\u0103 dac\u0103 mi se va cere voi candida, exact \u00eentr-un context \u00een care spuneam c\u0103 nici al\u021bi colegi de-ai mei de la v\u00e2rful partidului nu ar putea s\u0103 refuze o asemenea propunere. Nu am semn\u0103turile necesare. Nu le am.<\/p>\n<p><a title='George Simion riposteaza impotriva celor care au cerut scoaterea sa din viata publica. ,,Vreti sa ne pacaliti sa aruncam pietre unii impotriva celorlalti\"' href=\"https:\/\/www.realitatea.net\/stiri\/actual\/george-simion-riposteaza-impotriva-celor-care-au-cerut-scoaterea-sa-din-viata-publica-vreti-sa-ne-pacaliti-sa-aruncam-pietre-unii-impotriva-celorlalti_67d05b973164da2f5f294dfd\">George Simion riposteaz\u0103 \u00eempotriva celor care au cerut scoaterea sa din via\u021ba public\u0103. \u201eVre\u021bi s\u0103 ne p\u0103c\u0103li\u021bi s\u0103 arunc\u0103m pietre unii \u00eempotriva celorlal\u021bi\u201d<\/a><\/p>","protected":false},"excerpt":{"rendered":"<p>Claudiu T\u00e2rziu a afirmat c\u0103 utilizarea institu\u021biilor statului pentru a elimina adversarii politici nu poate&hellip;<\/p>\n","protected":false},"author":0,"featured_media":38611,"comment_status":"open","ping_status":"open","sticky":false,"template":"","format":"standard","meta":{"footnotes":""},"categories":[2],"tags":[],"class_list":["post-38620","post","type-post","status-publish","format-standard","has-post-thumbnail","hentry","category-actual"],"_links":{"self":[{"href":"https:\/\/247stiri.ro\/index.php\/wp-json\/wp\/v2\/posts\/38620","targetHints":{"allow":["GET"]}}],"collection":[{"href":"https:\/\/247stiri.ro\/index.php\/wp-json\/wp\/v2\/posts"}],"about":[{"href":"https:\/\/247stiri.ro\/index.php\/wp-json\/wp\/v2\/types\/post"}],"replies":[{"embeddable":true,"href":"https:\/\/247stiri.ro\/index.php\/wp-json\/wp\/v2\/comments?post=38620"}],"version-history":[{"count":0,"href":"https:\/\/247stiri.ro\/index.php\/wp-json\/wp\/v2\/posts\/38620\/revisions"}],"wp:featuredmedia":[{"embeddable":true,"href":"https:\/\/247stiri.ro\/index.php\/wp-json\/wp\/v2\/media\/38611"}],"wp:attachment":[{"href":"https:\/\/247stiri.ro\/index.php\/wp-json\/wp\/v2\/media?parent=38620"}],"wp:term":[{"taxonomy":"category","embeddable":true,"href":"https:\/\/247stiri.ro\/index.php\/wp-json\/wp\/v2\/categories?post=38620"},{"taxonomy":"post_tag","embeddable":true,"href":"https:\/\/247stiri.ro\/index.php\/wp-json\/wp\/v2\/tags?post=38620"}],"curies":[{"name":"wp","href":"https:\/\/api.w.org\/{rel}","templated":true}]}}