{"id":38627,"date":"2025-03-11T19:44:59","date_gmt":"2025-03-11T19:44:59","guid":{"rendered":"https:\/\/247stiri.ro\/index.php\/2025\/03\/11\/presa-internationala-reactii-in-lant-dupa-respingerea-candidaturii-lui-calin-georgescu\/"},"modified":"2025-03-11T19:44:59","modified_gmt":"2025-03-11T19:44:59","slug":"presa-internationala-reactii-in-lant-dupa-respingerea-candidaturii-lui-calin-georgescu","status":"publish","type":"post","link":"https:\/\/247stiri.ro\/index.php\/2025\/03\/11\/presa-internationala-reactii-in-lant-dupa-respingerea-candidaturii-lui-calin-georgescu\/","title":{"rendered":"Presa interna\u0163ional\u0103, reac\u0163ii \u00een lan\u021b dup\u0103 respingerea candidaturii lui C\u0103lin Georgescu"},"content":{"rendered":"<p>\u201eCurtea Constitu\u0163ional\u0103 a Rom\u00e2niei i-a interzis, mar\u0163i, lui C\u0103lin Georgescu, candidatul frunta\u015f al extremei drepte, s\u0103 participe la reluarea alegerilor preziden\u0163iale din mai, \u00een ciuda protestelor \u015fi acuza\u0163iilor de tiranie din partea lui Georgescu \u015fi a sus\u0163in\u0103torilor s\u0103i\u201d, scrie Politico.<\/p>\n<p>Publica\u0163ia adaug\u0103 c\u0103 BEC i-a respins candidatura duminic\u0103, afirm\u00e2nd c\u0103 Georgescu a \u00eenc\u0103lcat regulile electorale ale Rom\u00e2niei atunci c\u00e2nd \u201ea ap\u0103rut de nic\u0103ieri pentru a c\u00e2\u015ftiga primul tur al alegerilor preziden\u0163iale din noiembrie anul trecut, par\u0163ial pe baza unei campanii TikTok de mare succes\u201d.<\/p>\n<p>\u201eGeorgescu a contestat decizia la Curtea Constitu\u0163ional\u0103, unde to\u0163i cei 9 judec\u0103tori au votat pentru respingerea acesteia mar\u0163i seara, f\u0103c\u00e2nd astfel definitiv\u0103 decizia autorit\u0103\u0163ilor de a-l exclude din cursa preziden\u0163ial\u0103\u201d, se mai arat\u0103 \u00een articolul Politico.<\/p>\n<p>\u201eExtrema dreapt\u0103 din Rom\u00e2nia se gr\u0103be\u0219te s\u0103 g\u0103seasc\u0103 un candidat electoral dup\u0103 ce interdic\u021bia lui Georgescu a fost men\u021binut\u0103. Instan\u021ba suprem\u0103 din Rom\u00e2nia a men\u021binut decizia de a-i interzice candidatului de extrem\u0103 dreapta C\u0103lin Georgescu s\u0103 candideze la alegerile preziden\u021biale repetate \u00een luna mai, l\u0103s\u00eendu-le alia\u021bilor s\u0103i patru zile la dispozi\u021bie pentru a g\u0103si un \u00eenlocuitor\u201d, transmite Reuters.<\/p>","protected":false},"excerpt":{"rendered":"<p>\u201eCurtea Constitu\u0163ional\u0103 a Rom\u00e2niei i-a interzis, mar\u0163i, lui C\u0103lin Georgescu, candidatul frunta\u015f al extremei drepte,&hellip;<\/p>\n","protected":false},"author":0,"featured_media":38628,"comment_status":"open","ping_status":"open","sticky":false,"template":"","format":"standard","meta":{"footnotes":""},"categories":[3],"tags":[],"class_list":["post-38627","post","type-post","status-publish","format-standard","has-post-thumbnail","hentry","category-politica"],"_links":{"self":[{"href":"https:\/\/247stiri.ro\/index.php\/wp-json\/wp\/v2\/posts\/38627","targetHints":{"allow":["GET"]}}],"collection":[{"href":"https:\/\/247stiri.ro\/index.php\/wp-json\/wp\/v2\/posts"}],"about":[{"href":"https:\/\/247stiri.ro\/index.php\/wp-json\/wp\/v2\/types\/post"}],"replies":[{"embeddable":true,"href":"https:\/\/247stiri.ro\/index.php\/wp-json\/wp\/v2\/comments?post=38627"}],"version-history":[{"count":0,"href":"https:\/\/247stiri.ro\/index.php\/wp-json\/wp\/v2\/posts\/38627\/revisions"}],"wp:featuredmedia":[{"embeddable":true,"href":"https:\/\/247stiri.ro\/index.php\/wp-json\/wp\/v2\/media\/38628"}],"wp:attachment":[{"href":"https:\/\/247stiri.ro\/index.php\/wp-json\/wp\/v2\/media?parent=38627"}],"wp:term":[{"taxonomy":"category","embeddable":true,"href":"https:\/\/247stiri.ro\/index.php\/wp-json\/wp\/v2\/categories?post=38627"},{"taxonomy":"post_tag","embeddable":true,"href":"https:\/\/247stiri.ro\/index.php\/wp-json\/wp\/v2\/tags?post=38627"}],"curies":[{"name":"wp","href":"https:\/\/api.w.org\/{rel}","templated":true}]}}