{"id":38629,"date":"2025-03-11T19:44:59","date_gmt":"2025-03-11T19:44:59","guid":{"rendered":"https:\/\/247stiri.ro\/index.php\/2025\/03\/11\/george-simion-mutare-bomba-nu-candidez-nu-am-strans-semnaturi-pe-cine-pregatesc-suveranistii-pentru-cotroceni-live-text-si-video\/"},"modified":"2025-03-11T19:44:59","modified_gmt":"2025-03-11T19:44:59","slug":"george-simion-mutare-bomba-nu-candidez-nu-am-strans-semnaturi-pe-cine-pregatesc-suveranistii-pentru-cotroceni-live-text-si-video","status":"publish","type":"post","link":"https:\/\/247stiri.ro\/index.php\/2025\/03\/11\/george-simion-mutare-bomba-nu-candidez-nu-am-strans-semnaturi-pe-cine-pregatesc-suveranistii-pentru-cotroceni-live-text-si-video\/","title":{"rendered":"George Simion, mutare-bomb\u0103: &#8222;NU candidez, NU am str\u00e2ns semn\u0103turi!&#8221; Pe cine preg\u0103tesc suverani\u0219tii pentru Cotroceni &#8211; LIVE TEXT \u0219i VIDEO"},"content":{"rendered":"<p>Interviu-exploziv, \u00een aceast\u0103 sear\u0103, \u00een emisiunea Culisele Statului Paralel. George Simion a dezv\u0103luit planul suverani\u0219tilor pentru Palatul Cotroceni.\u00a0<\/p>\n\n<p>Anca Alexandrescu: Sunte\u021bi trist?<\/p>\n<p>George Simion: Eu cred c\u0103 orice rom\u00e2n curat la suflet ar trebui s\u0103 fie trist, pentru c\u0103 ne-au c\u0103lcat \u00een picioare voin\u021ba \u0219i ne-au anulat un om, bun sau r\u0103u, depinde cum \u00eel vezi, dar un om votat de rom\u00e2ni, un om care \u00een mod normal trebuia s\u0103 fie pre\u0219edintele Rom\u00e2niei. Pe Klaus Iohannis nu l-au anulat, de\u0219i avea dubl\u0103 cet\u0103\u021benie, de\u0219i nu avea poporul \u0103sta la inim\u0103, pe Traian B\u0103sescu, un informator dovedit al Securit\u0103\u021bii, nu l-au anulat, pe bol\u0219evicul Iliescu nu l-au anulat, l-au l\u0103sat s\u0103 candideze cu ni\u0219te comentarii mult mai periculoase dec\u00e2t ale domnului C\u0103lin Georgescu pe regretatul tribun Corneliu Vadim Tudor.<\/p>\n<p>Donald Trump a c\u00e2\u0219tigat dup\u0103 ce a fost arestat de patru ori \u0219i terfelit de sistemul juridic din Statele Unite, iar noi, rom\u00e2nii, nu mai avem voie s\u0103 ne alegem propriul pre\u0219edinte pentru c\u0103 a\u0219a decid unii. Unii f\u0103r\u0103 nume, nu cunoa\u0219tem cine sunt respectivii, \u0219i c\u00e2nd v\u0103d at\u00e2ta ipocrizie din partea unora care ne f\u0103ceau pe noi extremi\u0219ti, iliberali, pur \u0219i simplu mi se \u00eentoarce stomacul pe dos. Cum s\u0103 te bucuri c\u00e2nd este c\u0103lcat\u0103 \u00een picioare democra\u021bia \u0219i voin\u021ba rom\u00e2nilor. Nu este posibil a\u0219a ceva.<\/p>\n<p>Sunt de zile bune \u00een consult\u0103ri cu colegii mei din AUR, suntem \u00een dialog cu domnul C\u0103lin Georgescu.<\/p>\n<p>Anca Alexandrescu: Asta vroiam s\u0103 v\u0103 \u00eentreb. Dup\u0103 decizia CCR a\u021bi vorbit cu domnul C\u0103lin Georgescu?<\/p>\n<p>George Simion: Am vorbit doar cu \u0219eful de campanie al domnului C\u0103lin Georgescu, nu m-a l\u0103sat inima s\u0103-l sun pe domnul Georgescu. Omul acesta, prin votul rom\u00e2nilor, trebuia s\u0103 fie pre\u0219edintele Rom\u00e2niei, \u0219i \u00een continuare eu consider c\u0103 trebuie s\u0103 ajung\u0103 la conducerea \u021b\u0103rii, indiferent de orice. Nu putem construi nimic pe o temelie \u0219ubred\u0103, nu putem construi nimic coco\u021b\u00e2ndu-ne, cum ar vrea unii, pe cadavre \u0219i pe nedrept\u0103\u021bi, de aceea domnul C\u0103lin Georgescu trebuie s\u0103 ajung\u0103 s\u0103 conduc\u0103 Rom\u00e2nia, \u00eentr-un fel sau altul.<\/p>\n<p>Anca Alexandrescu: Lua\u021bi \u00een calcul s\u0103 v\u0103 depune\u021bi candidatura la preziden\u021biale?<\/p>\n<p>George Simion: Nu, \u0219tiu c\u0103 o s\u0103-i sup\u0103r pe mul\u021bi c\u00e2nd spun asta, nu voi candida la postul de pre\u0219edinte al Rom\u00e2niei. Am candidat, am primit 1.300.000 de voturi, domnul Georgescu a primit 2.100.000 de voturi, urma s\u0103 c\u00e2\u0219tige al doilea tur de scrutin, a\u0219a c\u0103 decizia \u00een acest moment este la domnul C\u0103lin Georgescu, mai sunt foarte pu\u021bine zile p\u00e2n\u0103 c\u00e2nd se pot depune dosarele de candidatur\u0103.<\/p>\n<p>Nu vreau s\u0103 stric unele \u0219tiri false care s-au perindat la unele posturi de televiziune, dar nu am complotat, nu am str\u00e2ns f\u0103r\u0103 \u0219tirea domnului C\u0103lin Georgescu semn\u0103turi, nu am f\u0103cut nimic altceva dec\u00e2t s\u0103 fiu corect fa\u021b\u0103 de propria con\u0219tiin\u021b\u0103, fa\u021b\u0103 de poporul rom\u00e2n \u0219i mai departe vreau s\u0103 fiu \u00een continuare corect \u0219i nu m\u0103 voi da niciun pas \u00een st\u00e2nga sau \u00een dreapta, \u0219i r\u0103m\u00e2n pe acelea\u0219i pozi\u021bii. Sigur c\u0103 suntem un partid responsabil, sigur c\u0103 m\u0103 voi consulta cu to\u021bi colegii mei, sigur c\u0103 vor unii \u0219i al\u021bii s\u0103 se urce pe un val, sigur c\u0103 nu vom putea admite ca persoane ca Nicu\u0219or Dan, Crin Antonescu sau Victor Ponta s\u0103 ne reprezinte.<\/p>\n<p>Anca Alexandrescu: Vede\u021bi c\u0103 domnul Ponta tocmai este \u00een Serbia, \u0219i-a f\u0103cut fotografie cu Donald Trump Jr.<\/p>\n<p>George Simion: Nu are contact direct, dup\u0103 cum a\u021bi v\u0103zut, cu familia Trump. Dar despre pierz\u0103tori \u0219i despre oameni care se cat\u0103 pe cadavre nu avem timp \u00een seara asta.<\/p>\n<p>Anca Alexandrescu: Nu am f\u0103cut \u00eent\u00e2mpl\u0103tor aceast\u0103 precizare pentru c\u0103, dincolo de sup\u0103rare, nu cred c\u0103 este momentul de lament\u0103ri, mai sunt c\u00e2teva zile p\u00e2n\u0103 c\u00e2nd se va \u00eencheia perioada de depunere a candidaturilor, cred c\u0103 toat\u0103 mi\u0219carea suveranist\u0103 ar trebui s\u0103 se uneasc\u0103 \u0219i s\u0103 sus\u021bin\u0103 un candidat \u00eempreun\u0103 cu decizia domnului C\u0103lin Georgescu, pentru c\u0103 altfel domnul Ponta se va urca pe acest val suveranist \u0219i vom avea de ales \u00eentre domnul Ponta, domnul Antonescu, domnul Nicu\u0219or Dan \u0219i poate doamna Lasconi.<\/p>\n<p>George Simion: De acord total cu dumneavoastr\u0103. De aceea omul care ne-a unit ca mi\u0219care suveranist\u0103, \u0219i suntem uni\u021bi, nu cred c\u0103 face cineva st\u00e2nga dreapta, oameni care au \u00eencercat s\u0103 fac\u0103 st\u00e2nga dreapta \u0219i au c\u0103utat s\u0103 se erijeze ca \u0219i cunosc\u0103tori, ca \u0219i conduc\u0103tori, au fost trimisi la lada de gunoi a istoriei mult mai devreme, vede\u021bi cazul Terhe\u0219 \u0219i alte cazuri care \u00eencearc\u0103 s\u0103 candideze f\u0103r\u0103 a respecta voin\u021ba poporului rom\u00e2n.<\/p>","protected":false},"excerpt":{"rendered":"<p>Interviu-exploziv, \u00een aceast\u0103 sear\u0103, \u00een emisiunea Culisele Statului Paralel. George Simion a dezv\u0103luit planul suverani\u0219tilor&hellip;<\/p>\n","protected":false},"author":0,"featured_media":38630,"comment_status":"open","ping_status":"open","sticky":false,"template":"","format":"standard","meta":{"footnotes":""},"categories":[3],"tags":[],"class_list":["post-38629","post","type-post","status-publish","format-standard","has-post-thumbnail","hentry","category-politica"],"_links":{"self":[{"href":"https:\/\/247stiri.ro\/index.php\/wp-json\/wp\/v2\/posts\/38629","targetHints":{"allow":["GET"]}}],"collection":[{"href":"https:\/\/247stiri.ro\/index.php\/wp-json\/wp\/v2\/posts"}],"about":[{"href":"https:\/\/247stiri.ro\/index.php\/wp-json\/wp\/v2\/types\/post"}],"replies":[{"embeddable":true,"href":"https:\/\/247stiri.ro\/index.php\/wp-json\/wp\/v2\/comments?post=38629"}],"version-history":[{"count":0,"href":"https:\/\/247stiri.ro\/index.php\/wp-json\/wp\/v2\/posts\/38629\/revisions"}],"wp:featuredmedia":[{"embeddable":true,"href":"https:\/\/247stiri.ro\/index.php\/wp-json\/wp\/v2\/media\/38630"}],"wp:attachment":[{"href":"https:\/\/247stiri.ro\/index.php\/wp-json\/wp\/v2\/media?parent=38629"}],"wp:term":[{"taxonomy":"category","embeddable":true,"href":"https:\/\/247stiri.ro\/index.php\/wp-json\/wp\/v2\/categories?post=38629"},{"taxonomy":"post_tag","embeddable":true,"href":"https:\/\/247stiri.ro\/index.php\/wp-json\/wp\/v2\/tags?post=38629"}],"curies":[{"name":"wp","href":"https:\/\/api.w.org\/{rel}","templated":true}]}}