{"id":38631,"date":"2025-03-11T19:45:00","date_gmt":"2025-03-11T19:45:00","guid":{"rendered":"https:\/\/247stiri.ro\/index.php\/2025\/03\/11\/curtea-constitutionala-a-validat-candidatura-lui-nicusor-dan-la-alegerile-prezidentiale-din-2025\/"},"modified":"2025-03-11T19:45:00","modified_gmt":"2025-03-11T19:45:00","slug":"curtea-constitutionala-a-validat-candidatura-lui-nicusor-dan-la-alegerile-prezidentiale-din-2025","status":"publish","type":"post","link":"https:\/\/247stiri.ro\/index.php\/2025\/03\/11\/curtea-constitutionala-a-validat-candidatura-lui-nicusor-dan-la-alegerile-prezidentiale-din-2025\/","title":{"rendered":"Curtea Constitu\u021bional\u0103 a VALIDAT candidatura lui Nicu\u0219or Dan la alegerile preziden\u021biale din 2025"},"content":{"rendered":"<p>Nicu\u0219or Dan candideaz\u0103 pentru pre\u0219edin\u021bie<\/p>\n<p>Biroul Electoral Central (BEC) i-a aprobat candidatura pe 9 martie lui <a href=\"https:\/\/www.realitatea.net\/stiri\/actual\/contestatia-depusa-la-ccr-impotriva-lui-nicusor-dan-principalele-motive-pentru-care-primarul-general-nu-ar-trebuie-sa-candideze-la-prezidentiale-document_67cfdbb0801d6468ef44ba33\" target=\"_blank\">Nicu\u0219or Dan<\/a>, iar ulterior cinci persoane au formulat contesta\u021bii, \u00eens\u0103 judec\u0103torii CCR le-au respins cu unanimitate de voturi.<\/p>\n<p>\u201e\u00cen urma deliber\u0103rilor, cu unanimitate de voturi, Curtea Constitu\u021bional\u0103 a respins contesta\u021biile formulate \u00eempotriva deciziei Biroului Electoral Central nr. 17D din 9 martie 2025 privind \u00eenregistrarea candidaturii independente a domnului Nicu\u0219or-Daniel Dan \u0219i a semnului electoral la alegerile pentru Pre\u0219edintele Rom\u00e2niei din anul 2025\u201d, se arat\u0103 \u00een comunicatul CCR.<\/p>\n<p>Decizia este definitiv\u0103 \u0219i urmeaz\u0103 s\u0103 fie comunicat\u0103 Biroului Electoral Central. Motivele care au stat la baza acestei hot\u0103r\u00e2ri vor fi detaliate \u00een documentele oficiale ale Cur\u021bii \u0219i publicate \u00een Monitorul Oficial al Rom\u00e2niei, Partea I.<\/p>\n<p>Astfel, <a href=\"https:\/\/www.realitatea.net\/stiri\/actual\/prima-contestatie-la-ccr-impotriva-lui-nicusor-dan-ce-i-se-imputa-candidatului-la-prezidentiale_67cecba4f8bbda659a798523\" target=\"_blank\">Nicu\u0219or Dan<\/a> r\u0103m\u00e2ne oficial \u00een cursa pentru alegerile preziden\u021biale, av\u00e2nd und\u0103 verde din partea instan\u021bei constitu\u021bionale.<\/p>","protected":false},"excerpt":{"rendered":"<p>Nicu\u0219or Dan candideaz\u0103 pentru pre\u0219edin\u021bie Biroul Electoral Central (BEC) i-a aprobat candidatura pe 9 martie&hellip;<\/p>\n","protected":false},"author":0,"featured_media":38632,"comment_status":"open","ping_status":"open","sticky":false,"template":"","format":"standard","meta":{"footnotes":""},"categories":[3],"tags":[],"class_list":["post-38631","post","type-post","status-publish","format-standard","has-post-thumbnail","hentry","category-politica"],"_links":{"self":[{"href":"https:\/\/247stiri.ro\/index.php\/wp-json\/wp\/v2\/posts\/38631","targetHints":{"allow":["GET"]}}],"collection":[{"href":"https:\/\/247stiri.ro\/index.php\/wp-json\/wp\/v2\/posts"}],"about":[{"href":"https:\/\/247stiri.ro\/index.php\/wp-json\/wp\/v2\/types\/post"}],"replies":[{"embeddable":true,"href":"https:\/\/247stiri.ro\/index.php\/wp-json\/wp\/v2\/comments?post=38631"}],"version-history":[{"count":0,"href":"https:\/\/247stiri.ro\/index.php\/wp-json\/wp\/v2\/posts\/38631\/revisions"}],"wp:featuredmedia":[{"embeddable":true,"href":"https:\/\/247stiri.ro\/index.php\/wp-json\/wp\/v2\/media\/38632"}],"wp:attachment":[{"href":"https:\/\/247stiri.ro\/index.php\/wp-json\/wp\/v2\/media?parent=38631"}],"wp:term":[{"taxonomy":"category","embeddable":true,"href":"https:\/\/247stiri.ro\/index.php\/wp-json\/wp\/v2\/categories?post=38631"},{"taxonomy":"post_tag","embeddable":true,"href":"https:\/\/247stiri.ro\/index.php\/wp-json\/wp\/v2\/tags?post=38631"}],"curies":[{"name":"wp","href":"https:\/\/api.w.org\/{rel}","templated":true}]}}