{"id":38635,"date":"2025-03-11T19:45:02","date_gmt":"2025-03-11T19:45:02","guid":{"rendered":"https:\/\/247stiri.ro\/index.php\/2025\/03\/11\/ce-spune-ministrul-justitiei-radu-marinescu-despre-decizia-ccr-prin-care-i-a-fost-interzisa-candidatura-lui-calin-georgescu-la-alegerile-prezidentiale\/"},"modified":"2025-03-11T19:45:02","modified_gmt":"2025-03-11T19:45:02","slug":"ce-spune-ministrul-justitiei-radu-marinescu-despre-decizia-ccr-prin-care-i-a-fost-interzisa-candidatura-lui-calin-georgescu-la-alegerile-prezidentiale","status":"publish","type":"post","link":"https:\/\/247stiri.ro\/index.php\/2025\/03\/11\/ce-spune-ministrul-justitiei-radu-marinescu-despre-decizia-ccr-prin-care-i-a-fost-interzisa-candidatura-lui-calin-georgescu-la-alegerile-prezidentiale\/","title":{"rendered":"Ce spune ministrul Justi\u021biei, Radu Marinescu, despre decizia CCR prin care i-a fost interzis\u0103 candidatura lui C\u0103lin Georgescu la alegerile preziden\u021biale"},"content":{"rendered":"<p>Ministrul Justi\u021biei a evitat s\u0103 se implice \u00een discu\u021bii despre contextul electoral sau politic, concentr\u00e2ndu-se pe efectele juridice clare ale deciziei.<\/p>\n<p>Radu Marinescu: Este o decizie a Cur\u021bii Constitu\u021bionale care are, potrivit legii, un caracter definitiv \u0219i, tot potrivit legii, un caracter obligatoriu. Cu siguran\u021b\u0103 este o decizie care poate s\u0103 fie comentat\u0103, \u00eens\u0103 din perspectiva efectelor sale juridice, este c\u00e2t se poate de evident c\u0103 acestea au un caracter obligatoriu \u0219i final. Nu a\u0219 dori s\u0103 fac aprecieri asupra contextului electoral sau politic, dar constat doar c\u0103 aceast\u0103 chestiune este tran\u0219at\u0103 printr-o decizie cu caracter definitiv.<\/p>\n<p>Realitatea Plus: Este ceva uzual s\u0103 nu avem o comunicare public\u0103 printr-o declara\u021bie din partea Cur\u021bii Constitu\u021bionale pe aceast\u0103 tem\u0103?<\/p>\n<p>Radu Marinescu: Ar fi nepotrivit din partea mea s\u0103 fac aprecieri cu privire la comunicarea pe care o realizeaz\u0103 alte entit\u0103\u021bi ale statului. Sunt convins \u00eens\u0103 c\u0103 aceast\u0103 decizie, considerentele sale, vor fi disponibile spre analiz\u0103 at\u00e2t pentru persoanele din sfera profesional\u0103 juridic\u0103 interesat\u0103, c\u00e2t \u0219i pentru publicul larg.<\/p>\n<p><a title=\"CCR a luat decizia care socheaza milioane de romani: Calin Georgescu nu poate candida! - LIVE TEXT si VIDEO\" href=\"https:\/\/www.realitatea.net\/stiri\/actual\/protestul-democratiei-astazi-se-decide-soarta-lui-calin-georgescu-mobilizare-uriasa-in-toata-tara-romanii-se-strang-deja-la-ccr-live-text-si-video_67d00a6b8c212a45ea5c8ac2\">CCR a luat decizia care \u0219ocheaz\u0103 milioane de rom\u00e2ni: C\u0103lin Georgescu nu poate candida! &#8211; LIVE TEXT \u0219i VIDEO<\/a><\/p>","protected":false},"excerpt":{"rendered":"<p>Ministrul Justi\u021biei a evitat s\u0103 se implice \u00een discu\u021bii despre contextul electoral sau politic, concentr\u00e2ndu-se&hellip;<\/p>\n","protected":false},"author":0,"featured_media":38634,"comment_status":"open","ping_status":"open","sticky":false,"template":"","format":"standard","meta":{"footnotes":""},"categories":[2],"tags":[],"class_list":["post-38635","post","type-post","status-publish","format-standard","has-post-thumbnail","hentry","category-actual"],"_links":{"self":[{"href":"https:\/\/247stiri.ro\/index.php\/wp-json\/wp\/v2\/posts\/38635","targetHints":{"allow":["GET"]}}],"collection":[{"href":"https:\/\/247stiri.ro\/index.php\/wp-json\/wp\/v2\/posts"}],"about":[{"href":"https:\/\/247stiri.ro\/index.php\/wp-json\/wp\/v2\/types\/post"}],"replies":[{"embeddable":true,"href":"https:\/\/247stiri.ro\/index.php\/wp-json\/wp\/v2\/comments?post=38635"}],"version-history":[{"count":0,"href":"https:\/\/247stiri.ro\/index.php\/wp-json\/wp\/v2\/posts\/38635\/revisions"}],"wp:featuredmedia":[{"embeddable":true,"href":"https:\/\/247stiri.ro\/index.php\/wp-json\/wp\/v2\/media\/38634"}],"wp:attachment":[{"href":"https:\/\/247stiri.ro\/index.php\/wp-json\/wp\/v2\/media?parent=38635"}],"wp:term":[{"taxonomy":"category","embeddable":true,"href":"https:\/\/247stiri.ro\/index.php\/wp-json\/wp\/v2\/categories?post=38635"},{"taxonomy":"post_tag","embeddable":true,"href":"https:\/\/247stiri.ro\/index.php\/wp-json\/wp\/v2\/tags?post=38635"}],"curies":[{"name":"wp","href":"https:\/\/api.w.org\/{rel}","templated":true}]}}