{"id":38645,"date":"2025-03-11T20:45:31","date_gmt":"2025-03-11T20:45:31","guid":{"rendered":"https:\/\/247stiri.ro\/index.php\/2025\/03\/11\/nepotul-lui-nicolae-ceausescu-a-fost-prins-la-furat-in-italia-vasile-ceausescu-sustine-ca-a-fost-victima-unei-erori\/"},"modified":"2025-03-11T20:45:31","modified_gmt":"2025-03-11T20:45:31","slug":"nepotul-lui-nicolae-ceausescu-a-fost-prins-la-furat-in-italia-vasile-ceausescu-sustine-ca-a-fost-victima-unei-erori","status":"publish","type":"post","link":"https:\/\/247stiri.ro\/index.php\/2025\/03\/11\/nepotul-lui-nicolae-ceausescu-a-fost-prins-la-furat-in-italia-vasile-ceausescu-sustine-ca-a-fost-victima-unei-erori\/","title":{"rendered":"Nepotul lui Nicolae Ceau\u0219escu a fost prins la furat \u00een Italia. Vasile Ceau\u0219escu sus\u021bine c\u0103 a fost victima unei erori"},"content":{"rendered":"<p>\u00cen timpul audierilor la instan\u021ba din Cremona, b\u0103rbatul a f\u0103cut o afirma\u021bie surprinz\u0103toare, sus\u021bin\u00e2nd c\u0103 ar fi nepot de v\u0103r al fostului lider comunist rom\u00e2n, Nicolae Ceau\u0219escu.<\/p>\n<p>Rela\u021bia sa de rudenie cu Ceau\u0219escu a st\u00e2rnit interesul anchetatorilor. Potrivit spuselor lui Vasile, tat\u0103l s\u0103u ar fi fost v\u0103r primar cu fostul dictator, iar el nu este un om obi\u0219nuit. Avocatul s\u0103u, Clara Carletti, a men\u021bionat c\u0103 b\u0103rbatul are studii superioare, fiind fizician nuclear \u0219i av\u00e2nd o pasiune pentru istoria artei \u0219i astronomie. De-a lungul vie\u021bii, a c\u0103l\u0103torit \u00een mai multe \u021b\u0103ri europene, dar \u00een ultimii ani s-a stabilit \u00een Italia, conform raport\u0103rilor din presa italian\u0103.<\/p>\n<p>\u00cen fa\u021ba judec\u0103torilor, Vasile Ceau\u0219escu a declarat c\u0103 a fost victima unei confuzii \u0219i c\u0103 nu a avut inten\u021bia de a fura. \u201eA fost o gre\u0219eal\u0103, era convins c\u0103 prietenul s\u0103u a pl\u0103tit pentru produsele respective\u201d, a explicat avocata sa. Totu\u0219i, acesta nu este primul s\u0103u conflict cu legea \u00een Italia. \u00cen 2019, a fost re\u021binut de securitatea unui magazin din Crema, dar a sc\u0103pat de consecin\u021be legale deoarece nu a fost depus\u0103 o pl\u00e2ngere formal\u0103. Totu\u0219i, a fost condamnat la un an de \u00eenchisoare pentru c\u0103 a furnizat un nume fals poli\u021bi\u0219tilor \u00een acel moment, scrie Stiri Diaspora.<\/p>\n<p>Situa\u021bia sa s-a complicat \u0219i mai mult dup\u0103 ce poli\u021bia italian\u0103 a descoperit c\u0103 pe numele lui exista un mandat european de arestare. A fost re\u021binut \u0219i \u00eencarcerat \u00een \u00eenchisoarea din Cremona, apoi extr\u0103dat la Frankfurt, unde a petrecut dou\u0103 s\u0103pt\u0103m\u00e2ni. \u201eA fost judecat acolo \u0219i ulterior eliberat cu scuze, pentru c\u0103 s-a dovedit c\u0103 a fost victima unei erori judiciare\u201d, a precizat avocata sa.<\/p>\n<p><a title=\"L-a impuscat Nicu Ceausescu pe Helmut Duckadam? Cum a aparut legenda confictului dintre cei doi\" href=\"https:\/\/www.realitatea.net\/stiri\/lifestyle\/la-impuscat-nicu-ceausescu-pe-helmut-duckadam-cum-a-aparut-legenda-confictului-dintre-cei-2_674e20b12cdc9145c8700002\">L-a \u00eempu\u0219cat Nicu Ceau\u0219escu pe Helmut Duckadam? Cum a ap\u0103rut legenda confictului dintre cei doi<\/a>\u00cen prezent, Vasile Ceau\u0219escu locuie\u0219te \u00een Cinisello Balsamo, o suburbie a ora\u0219ului Milano, \u0219i lucreaz\u0103 ca \u00eengrijitor pentru o persoan\u0103 v\u00e2rstnic\u0103. Potrivit avocatei sale, acesta nu dispune de resurse financiare pentru a avea o locuin\u021b\u0103 proprie, motiv pentru care tr\u0103ie\u0219te \u00een casa persoanei pe care o \u00eengrije\u0219te.Revolu\u021bia din 1989 i-ar fi marcat profund existen\u021ba. \u201eA fost persecutat \u0219i exploatat dup\u0103 c\u0103derea regimului comunist\u201d, a explicat avocata Carletti. Dup\u0103 Revolu\u021bie, a r\u0103mas \u00een Rom\u00e2nia \u0219i a muncit \u00eentr-o central\u0103 nuclear\u0103 pe un salariu modest, p\u00e2n\u0103 la pensionare. A ajuns \u00een Italia \u00een 2010, fiind g\u0103zduit de rude, \u0219i a c\u0103l\u0103torit frecvent \u00een \u021b\u0103ri precum Germania, Anglia \u0219i Fran\u021ba.De\u0219i tr\u0103ie\u0219te \u00een condi\u021bii modeste, Vasile Ceau\u0219escu nu \u0219i-a pierdut pasiunea pentru \u00eenv\u0103\u021bare. \u201eMi-a spus de multe ori c\u0103 \u00ee\u0219i dore\u0219te s\u0103 \u00ee\u0219i continue studiile. A exprimat deja interesul de a se \u00eenscrie la Universitatea Bicocca din Milano\u201d, a mai declarat avocata sa.<\/p>\n<p>Nicolae Ceau\u0219escu a avut nou\u0103 fra\u021bi, provenind dintr-o familie modest\u0103 de \u021b\u0103rani din comuna Scornice\u0219ti, jude\u021bul Olt. P\u0103rin\u021bii s\u0103i au fost Andru\u021ba Ceau\u0219escu \u0219i Lixandra Ceau\u0219escu. A\u0219adar este foarte greu de verificat dac\u0103 Vasile Ceau\u0219escu spune sau nu adev\u0103rul\u00a0Fra\u021bii lui Nicolae Ceau\u0219escu au fost:\u00a0 Niculina Ceau\u0219escu, Florea Ceau\u0219escu, Maria Ceau\u0219escu, Elena Ceau\u0219escu (sora, nu so\u021bia sa), Petre Ceau\u0219escu, Ion Ceau\u0219escu, Ilie Ceau\u0219escu, Constantin Ceau\u0219escu. Unii dintre fra\u021bii s\u0103i au ocupat func\u021bii importante \u00een perioada regimului comunist: Ilie Ceau\u0219escu a fost general \u0219i istoric militar.Ion Ceau\u0219escu a fost cercet\u0103tor \u00een domeniul agriculturii. Florea Ceau\u0219escu a lucrat \u00een Ministerul de Interne.Familia sa a beneficiat de numeroase avantaje \u00een perioada \u00een care Nicolae Ceau\u0219escu a condus Rom\u00e2nia. Dup\u0103 c\u0103derea regimului, unii dintre fra\u021bii s\u0103i au fost ancheta\u021bi sau au tr\u0103it retra\u0219i din via\u021ba public\u0103, astfel c\u0103 opiniei publice nu \u00eei mai sunt at\u00e2t de cunoscute leg\u0103turile de rudenie ale fostului dictator comunist.\u00a0<\/p>\n<p><a href=\"http:\/\/realitatea.net\/stiri\/actual\/sarbatoarea-pe-care-nicolae-ceausescu-a-vrut-sa-o-scoata-din-calendar-de-ce-nu-exista-nici-ziua-de-sfantul-nicolae-desi-dictatorul-purta-acest-nume_6756249b2a2bc16cdb425ff2\" target=\"_blank\">S\u0103rb\u0103toarea pe care Nicolae Ceau\u0219escu a vrut s\u0103 o scoat\u0103 din calendar. De ce nu exista nici ziua de Sf\u00e2ntul Nicolae, de\u0219i dictatorul purta acest nume<\/a><\/p>","protected":false},"excerpt":{"rendered":"<p>\u00cen timpul audierilor la instan\u021ba din Cremona, b\u0103rbatul a f\u0103cut o afirma\u021bie surprinz\u0103toare, sus\u021bin\u00e2nd c\u0103&hellip;<\/p>\n","protected":false},"author":0,"featured_media":38646,"comment_status":"open","ping_status":"open","sticky":false,"template":"","format":"standard","meta":{"footnotes":""},"categories":[2],"tags":[],"class_list":["post-38645","post","type-post","status-publish","format-standard","has-post-thumbnail","hentry","category-actual"],"_links":{"self":[{"href":"https:\/\/247stiri.ro\/index.php\/wp-json\/wp\/v2\/posts\/38645","targetHints":{"allow":["GET"]}}],"collection":[{"href":"https:\/\/247stiri.ro\/index.php\/wp-json\/wp\/v2\/posts"}],"about":[{"href":"https:\/\/247stiri.ro\/index.php\/wp-json\/wp\/v2\/types\/post"}],"replies":[{"embeddable":true,"href":"https:\/\/247stiri.ro\/index.php\/wp-json\/wp\/v2\/comments?post=38645"}],"version-history":[{"count":0,"href":"https:\/\/247stiri.ro\/index.php\/wp-json\/wp\/v2\/posts\/38645\/revisions"}],"wp:featuredmedia":[{"embeddable":true,"href":"https:\/\/247stiri.ro\/index.php\/wp-json\/wp\/v2\/media\/38646"}],"wp:attachment":[{"href":"https:\/\/247stiri.ro\/index.php\/wp-json\/wp\/v2\/media?parent=38645"}],"wp:term":[{"taxonomy":"category","embeddable":true,"href":"https:\/\/247stiri.ro\/index.php\/wp-json\/wp\/v2\/categories?post=38645"},{"taxonomy":"post_tag","embeddable":true,"href":"https:\/\/247stiri.ro\/index.php\/wp-json\/wp\/v2\/tags?post=38645"}],"curies":[{"name":"wp","href":"https:\/\/api.w.org\/{rel}","templated":true}]}}