{"id":38649,"date":"2025-03-11T20:45:33","date_gmt":"2025-03-11T20:45:33","guid":{"rendered":"https:\/\/247stiri.ro\/index.php\/2025\/03\/11\/romania-interzice-importurile-de-animale-vii-si-produse-de-origine-animala-din-ungaria-ce-scenariu-se-ia-in-calcul-din-cauza-febrei-aftoase\/"},"modified":"2025-03-11T20:45:33","modified_gmt":"2025-03-11T20:45:33","slug":"romania-interzice-importurile-de-animale-vii-si-produse-de-origine-animala-din-ungaria-ce-scenariu-se-ia-in-calcul-din-cauza-febrei-aftoase","status":"publish","type":"post","link":"https:\/\/247stiri.ro\/index.php\/2025\/03\/11\/romania-interzice-importurile-de-animale-vii-si-produse-de-origine-animala-din-ungaria-ce-scenariu-se-ia-in-calcul-din-cauza-febrei-aftoase\/","title":{"rendered":"Rom\u00e2nia interzice importurile de animale vii \u0219i produse de origine animal\u0103 din Ungaria. Ce scenariu se ia \u00een calcul din cauza febrei aftoase"},"content":{"rendered":"<p>\u00a0M\u0103sura vizeaz\u0103 prevenirea r\u0103sp\u00e2ndirii bolii pe teritoriul Rom\u00e2niei, iar Autoritatea Na\u021bional\u0103 Sanitar\u0103 Veterinar\u0103 \u0219i pentru Siguran\u021ba Alimentelor (ANSVSA) a dispus \u0219i interdic\u021bii suplimentare asupra produselor <a href=\"https:\/\/www.realitatea.net\/stiri\/actual\/romania-in-alerta-din-cauza-febrei-aftoase-autoritatile-impun-masuri-stricte-de-preventa_67cb0949062e31760e454aa2\" target=\"_blank\">de origine animal\u0103.<\/a><\/p>\n<p>M\u0103suri de preven\u021bie \u0219i control<\/p>\n<p>Decizia a fost luat\u0103 \u00een cadrul unei \u0219edin\u021be a Centrului Na\u021bional de Combatere a Bolilor (CNCB), av\u00e2nd \u00een vedere riscurile crescute generate de eliminarea controalelor vamale \u00een urma ader\u0103rii Rom\u00e2niei la spa\u021biul Schengen.<\/p>\n<p>\u201ePentru a proteja sectorul zootehnic na\u021bional \u0219i a preveni r\u0103sp\u00e2ndirea virusului febrei aftoase, au fost stabilite restric\u021bii pentru transportul animalelor \u0219i al produselor de origine animal\u0103 din Ungaria. Aceste m\u0103suri se aplic\u0103 \u0219i \u00een cazul unor zone afectate din Slovacia, conform dispozi\u021biilor Comisiei Europene\u201d, a transmis ANSVSA.<\/p>\n<p>Institu\u021biile rom\u00e2ne\u0219ti implicate \u2013 ANSVSA, Direc\u021biile Sanitare Veterinare \u0219i pentru Siguran\u021ba Alimentelor (DSVSA), Autoritatea Vamal\u0103, Poli\u021bia de Frontier\u0103, Poli\u021bia Rom\u00e2n\u0103 \u0219i Jandarmeria Rom\u00e2n\u0103 \u2013 au implementat urm\u0103toarele restric\u021bii:<\/p>\n<p>1. Interdic\u021bia transporturilor din Ungaria spre Rom\u00e2nia<\/p>\n<p>\u00a0 \u00a0 Camioanele care transport\u0103 animale vii, furaje, paie, compost \u0219i gunoi de grajd nu vor mai putea intra pe teritoriul Rom\u00e2niei.<\/p>\n<p>2. Restric\u021bii pentru produsele de origine animal\u0103<\/p>\n<p>\u00a0 \u00a0 Se interzice importul din Ungaria \u0219i din zonele afectate ale Slovaciei al urm\u0103toarelor produse:\u00a0 \u00a0 \u00a0 \u00a0 Carne proasp\u0103t\u0103 (refrigerat\u0103 sau congelat\u0103) de la animale biungulate.\u00a0 \u00a0 \u00a0 \u00a0 Produse din carne care nu au fost tratate termic pentru eliminarea virusului.\u00a0 \u00a0 \u00a0 \u00a0 Lapte \u0219i produse lactate netratate corespunz\u0103tor.\u00a0 \u00a0 \u00a0 \u00a0 Material seminal \u0219i alte subproduse de origine animal\u0103.<\/p>\n<p>\u00a0 \u00a0 Companiile cu contracte \u00een derulare trebuie s\u0103 notifice DSVSA \u00een termen de 24 de ore \u0219i s\u0103 transmit\u0103 un grafic de livr\u0103ri.<\/p>\n<p>3. Inspec\u021bii \u00een ferme<\/p>\n<p>\u00a0 \u00a0 Toate exploata\u021biile care au primit animale vii din Ungaria sau Slovacia dup\u0103 1 februarie 2025 vor fi verificate, iar autorit\u0103\u021bile vor preleva probe pentru analiza epidemiologic\u0103.<\/p>\n<p>4. M\u0103suri suplimentare de biosecuritate<\/p>\n<p>\u00a0 \u00a0 Se vor intensifica ac\u021biunile de dezinfec\u021bie \u00een fermele de animale \u0219i pe mijloacele de transport utilizate pentru transportul animalelor.<\/p>\n<p>Context interna\u021bional \u0219i impact asupra Rom\u00e2niei<\/p>\n<p>Pe 6 martie 2025, Ungaria a notificat oficial Comisia European\u0103 cu privire la apari\u021bia unui focar de febr\u0103 aftoas\u0103 \u00eentr-o ferm\u0103 de vaci de lapte din nordul \u021b\u0103rii, aproape de grani\u021ba cu Slovacia. Totodat\u0103, pe 10 ianuarie 2025, Germania a raportat primul caz de febr\u0103 aftoas\u0103 din ultimii 36 de ani, \u00eentr-o ferm\u0103 de bivoli situat\u0103 \u00een apropierea Berlinului.<\/p>\n<p>Restric\u021biile impuse de Rom\u00e2nia vor r\u0103m\u00e2ne \u00een vigoare p\u00e2n\u0103 la ridicarea <a href=\"https:\/\/www.realitatea.net\/stiri\/actual\/o-influencerita-a-murit-la-28-de-ani-tanara-sa-prezentat-la-spital-cu-febra-si-dureri-abdominale_67ab7e59a7e2092237312025\" target=\"_blank\">m\u0103surilor sanitare<\/a> de c\u0103tre autorit\u0103\u021bile europene.<\/p>","protected":false},"excerpt":{"rendered":"<p>\u00a0M\u0103sura vizeaz\u0103 prevenirea r\u0103sp\u00e2ndirii bolii pe teritoriul Rom\u00e2niei, iar Autoritatea Na\u021bional\u0103 Sanitar\u0103 Veterinar\u0103 \u0219i pentru&hellip;<\/p>\n","protected":false},"author":0,"featured_media":38650,"comment_status":"open","ping_status":"open","sticky":false,"template":"","format":"standard","meta":{"footnotes":""},"categories":[2],"tags":[],"class_list":["post-38649","post","type-post","status-publish","format-standard","has-post-thumbnail","hentry","category-actual"],"_links":{"self":[{"href":"https:\/\/247stiri.ro\/index.php\/wp-json\/wp\/v2\/posts\/38649","targetHints":{"allow":["GET"]}}],"collection":[{"href":"https:\/\/247stiri.ro\/index.php\/wp-json\/wp\/v2\/posts"}],"about":[{"href":"https:\/\/247stiri.ro\/index.php\/wp-json\/wp\/v2\/types\/post"}],"replies":[{"embeddable":true,"href":"https:\/\/247stiri.ro\/index.php\/wp-json\/wp\/v2\/comments?post=38649"}],"version-history":[{"count":0,"href":"https:\/\/247stiri.ro\/index.php\/wp-json\/wp\/v2\/posts\/38649\/revisions"}],"wp:featuredmedia":[{"embeddable":true,"href":"https:\/\/247stiri.ro\/index.php\/wp-json\/wp\/v2\/media\/38650"}],"wp:attachment":[{"href":"https:\/\/247stiri.ro\/index.php\/wp-json\/wp\/v2\/media?parent=38649"}],"wp:term":[{"taxonomy":"category","embeddable":true,"href":"https:\/\/247stiri.ro\/index.php\/wp-json\/wp\/v2\/categories?post=38649"},{"taxonomy":"post_tag","embeddable":true,"href":"https:\/\/247stiri.ro\/index.php\/wp-json\/wp\/v2\/tags?post=38649"}],"curies":[{"name":"wp","href":"https:\/\/api.w.org\/{rel}","templated":true}]}}